{"id":37458,"date":"2020-10-08T15:25:31","date_gmt":"2020-10-08T18:25:31","guid":{"rendered":"https:\/\/laurbedigital.com.ar\/noticias\/?p=37458"},"modified":"2020-10-08T15:25:31","modified_gmt":"2020-10-08T18:25:31","slug":"acompanamiento-del-municipio-a-estudiantes-del-nivel-superior","status":"publish","type":"post","link":"https:\/\/laurbedigital.com.ar\/noticias\/2020\/10\/08\/acompanamiento-del-municipio-a-estudiantes-del-nivel-superior\/","title":{"rendered":"Acompa\u00f1amiento del Municipio a estudiantes del nivel superior"},"content":{"rendered":"<p>&nbsp;<\/p>\n<h5 style=\"font-weight: 400;\">El intendente de Almirante Brown, Mariano Cascallares, encabez\u00f3 la entrega de kits escolares -en el marco de una acci\u00f3n solidario del programa Causa Com\u00fan- a estudiantes de la Universidad Nacional Guillermo Brown (UNAB), del Instituto Superior de Formaci\u00f3n Docente N\u00ba41, de Adrogu\u00e9, y del Instituto Superior de Formaci\u00f3n Docente y T\u00e9cnico N\u00ba53, de Glew.<\/h5>\n<p style=\"font-weight: 400;\">La jornada se llev\u00f3 adelante en el Sal\u00f3n Bijou de la Casa de la Cultura, donde el jefe comunal concret\u00f3 la entrega simb\u00f3lica de cinco de los mil kits que ser\u00e1n donados a estudiantes a trav\u00e9s del programa solidario comunal Causa Com\u00fan a partir del aporte de empresas locales. En el acto tuvo un rol protag\u00f3nico la Direcci\u00f3n de Juventud de la Comuna.<\/p>\n<p><img loading=\"lazy\" decoding=\"async\" class=\"alignnone size-full wp-image-37461\" src=\"https:\/\/laurbedigital.com.ar\/noticias\/wp-content\/uploads\/2020\/10\/20201008-brown-2.jpg\" alt=\"\" width=\"800\" height=\"446\" title=\"\" srcset=\"https:\/\/laurbedigital.com.ar\/noticias\/wp-content\/uploads\/2020\/10\/20201008-brown-2.jpg 800w, https:\/\/laurbedigital.com.ar\/noticias\/wp-content\/uploads\/2020\/10\/20201008-brown-2-300x167.jpg 300w, https:\/\/laurbedigital.com.ar\/noticias\/wp-content\/uploads\/2020\/10\/20201008-brown-2-768x428.jpg 768w\" sizes=\"auto, (max-width: 800px) 100vw, 800px\" \/><\/p>\n<p style=\"font-weight: 400;\"><em>\u201cEncuentros como este visibilizan el esfuerzo del Estado Municipal, de las instituciones, la comunidad educativa y la juventud para hacer frente a la pandemia en distintos \u00e1mbitos. Celebro esta iniciativa que beneficiar\u00e1 a estudiantes de nuestro distrito porque es una forma de seguir apoyando la ense\u00f1anza p\u00fablica\u201d,<\/em> remarc\u00f3 Cascallares.<\/p>\n<p style=\"font-weight: 400;\">En este sentido, la presidenta del centro de estudiantes del Instituto Superior de Formaci\u00f3n Docente y T\u00e9cnico N\u00ba53 de Glew, Lucila Mascare\u00f1o, valor\u00f3 que<em> \u201cesta actividad suma much\u00edsimo\u201d<\/em> y que<em> \u201cla donaci\u00f3n es muy importante\u201d. \u201cSeguimos apoyando y fomentando la participaci\u00f3n infantil en todos los \u00e1mbitos\u201d,<\/em> subray\u00f3.<\/p>\n<p><img loading=\"lazy\" decoding=\"async\" class=\"alignnone size-full wp-image-37460\" src=\"https:\/\/laurbedigital.com.ar\/noticias\/wp-content\/uploads\/2020\/10\/20201008-brown-1.jpg\" alt=\"\" width=\"800\" height=\"446\" title=\"\" srcset=\"https:\/\/laurbedigital.com.ar\/noticias\/wp-content\/uploads\/2020\/10\/20201008-brown-1.jpg 800w, https:\/\/laurbedigital.com.ar\/noticias\/wp-content\/uploads\/2020\/10\/20201008-brown-1-300x167.jpg 300w, https:\/\/laurbedigital.com.ar\/noticias\/wp-content\/uploads\/2020\/10\/20201008-brown-1-768x428.jpg 768w\" sizes=\"auto, (max-width: 800px) 100vw, 800px\" \/><\/p>\n<p style=\"font-weight: 400;\">De la iniciativa participaron el presidente del Concejo Deliberante de Almirante Brown, Nicol\u00e1s Jawtuschenko; el vicerrector de la UNAB, Facundo Nejamsky; la subsecretaria de Familia y Pol\u00edticas P\u00fablicas, Leda Quintana; la directora de Juventud, Micaela Ortiz, directivos, representantes del centro de estudiantes y alumnos de la universidad y los institutos N\u00ba41 y N\u00ba53.<\/p>\n<p>&nbsp;<\/p>\n<p>&nbsp;<\/p>\n","protected":false},"excerpt":{"rendered":"<p>&nbsp; El intendente de Almirante Brown, Mariano Cascallares, encabez\u00f3 la entrega de kits escolares -en el marco de una acci\u00f3n<\/p>\n","protected":false},"author":1,"featured_media":37459,"comment_status":"closed","ping_status":"closed","sticky":false,"template":"","format":"standard","meta":{"kia_subtitle":"","footnotes":"","jetpack_publicize_message":"","jetpack_publicize_feature_enabled":true,"jetpack_social_post_already_shared":true,"jetpack_social_options":{"image_generator_settings":{"template":"highway","default_image_id":0,"font":"","enabled":false},"version":2}},"categories":[2,33],"tags":[],"class_list":["post-37458","post","type-post","status-publish","format-standard","has-post-thumbnail","hentry","category-alte-brown","category-alte-brown-alte-brown"],"jetpack_publicize_connections":[],"jetpack_featured_media_url":"https:\/\/laurbedigital.com.ar\/noticias\/wp-content\/uploads\/2020\/10\/20201008-brown.jpg","_links":{"self":[{"href":"https:\/\/laurbedigital.com.ar\/noticias\/wp-json\/wp\/v2\/posts\/37458","targetHints":{"allow":["GET"]}}],"collection":[{"href":"https:\/\/laurbedigital.com.ar\/noticias\/wp-json\/wp\/v2\/posts"}],"about":[{"href":"https:\/\/laurbedigital.com.ar\/noticias\/wp-json\/wp\/v2\/types\/post"}],"author":[{"embeddable":true,"href":"https:\/\/laurbedigital.com.ar\/noticias\/wp-json\/wp\/v2\/users\/1"}],"replies":[{"embeddable":true,"href":"https:\/\/laurbedigital.com.ar\/noticias\/wp-json\/wp\/v2\/comments?post=37458"}],"version-history":[{"count":1,"href":"https:\/\/laurbedigital.com.ar\/noticias\/wp-json\/wp\/v2\/posts\/37458\/revisions"}],"predecessor-version":[{"id":37462,"href":"https:\/\/laurbedigital.com.ar\/noticias\/wp-json\/wp\/v2\/posts\/37458\/revisions\/37462"}],"wp:featuredmedia":[{"embeddable":true,"href":"https:\/\/laurbedigital.com.ar\/noticias\/wp-json\/wp\/v2\/media\/37459"}],"wp:attachment":[{"href":"https:\/\/laurbedigital.com.ar\/noticias\/wp-json\/wp\/v2\/media?parent=37458"}],"wp:term":[{"taxonomy":"category","embeddable":true,"href":"https:\/\/laurbedigital.com.ar\/noticias\/wp-json\/wp\/v2\/categories?post=37458"},{"taxonomy":"post_tag","embeddable":true,"href":"https:\/\/laurbedigital.com.ar\/noticias\/wp-json\/wp\/v2\/tags?post=37458"}],"curies":[{"name":"wp","href":"https:\/\/api.w.org\/{rel}","templated":true}]}}