{"id":371,"date":"2016-01-17T00:29:03","date_gmt":"2016-01-17T00:29:03","guid":{"rendered":"http:\/\/laurbedigital.com.ar\/noticias\/?p=371"},"modified":"2016-01-17T14:32:51","modified_gmt":"2016-01-17T14:32:51","slug":"cascallares-esperamos-una-ejecucion-responsable-del-gobierno-de-vidal-de-los-compromisos-asumidos-en-el-presupuesto-y-el-endeudamiento","status":"publish","type":"post","link":"https:\/\/laurbedigital.com.ar\/noticias\/2016\/01\/17\/cascallares-esperamos-una-ejecucion-responsable-del-gobierno-de-vidal-de-los-compromisos-asumidos-en-el-presupuesto-y-el-endeudamiento\/","title":{"rendered":"Cascallares: \u201cEsperamos una ejecuci\u00f3n responsable del Gobierno de Vidal de los compromisos asumidos en el Presupuesto y el endeudamiento\u201d"},"content":{"rendered":"<p>Destac\u00f3 que el trabajo conjunto a legisladores e intendentes del FPV permiti\u00f3 el tratamiento y la aprobaci\u00f3n de un mejor Presupuesto 2016<\/p>\n<p>El Intendente\u00a0 de Almirante Brown, Mariano Cascallares celebr\u00f3 la aprobaci\u00f3n del Presupuesto Provincial y destac\u00f3 el trabajo conjunto de los legisladores e intendentes donde se vio \u201cla madurez institucional y pol\u00edtica de nuestros senadores y diputados del FpV\u201d para acompa\u00f1ar el Presupuesto bonaerense. \u201cEsperamos la responsabilidad del gobierno provincial y de Mar\u00eda Eugenia Vidal para ejecutar los compromisos asumidos en el Presupuesto y endeudamiento\u201d, expres\u00f3.<\/p>\n<p>\u201cLos intendentes estamos muy agradecidos del espacio que pudimos compartir con nuestros legisladores, porque es fundamental para el FpV, el peronismo, poder tomar los temas que tienen que ver con los bonaerenses todos juntos\u201d se\u00f1al\u00f3 Cascallares, uno de los impulsores del bloque de m\u00e1s de 40 intendentes peronistas que breg\u00f3 por un \u201cpresupuesto claro\u201d. Agreg\u00f3 que \u00abmerced a ese trabajo conjunto, arribamos a un mejor Presupuesto bonaerense\u00bb.<\/p>\n<p>\u201cEste tiempo de debate era de mucha responsabilidad institucional del FpV porque cre\u00edamos que deb\u00eda presentarse un presupuesto claro con los objetivos del endeudamiento\u201d coment\u00f3.<\/p>\n<p>El intendente expres\u00f3 en declaraciones radiales que \u201cdesde el primer momento que se empez\u00f3 a discutir el presupuesto pensamos los objetivos, no en los n\u00fameros y formas, sino cu\u00e1les van a ser las obras y pol\u00edticas p\u00fablicas que los bonaerenses van a financiar con sus impuestos\u201d, afirm\u00f3 el alcalde.<\/p>\n<p>\u201cEn estos meses de enero y febrero estamos invirtiendo $ 90 millones en escuelas que son provinciales y creemos que con este endeudamiento tienen que llegar recursos. Logramos dos fondos: uno para infraestructura de $ 9 mil millones y otro de $ 3 mil millones para ser descentralizado en los municipios\u201d, explic\u00f3.<\/p>\n<p>Fianalmente, el jefe comunal se\u00f1al\u00f3 que tanto legisladores como intendentes \u201cesperamos la responsabilidad del Gobierno provincial y de la Gobernadora Mar\u00eda Eugenia Vidal para ejecutar los compromisos asumidos a trav\u00e9s del presupuesto y endeudamiento en los pr\u00f3ximos meses. La mayor preocupaci\u00f3n es que se cumpla\u201d y destac\u00f3 en este sentido que \u201cla articulaci\u00f3n Provincia-Municipio es central.<\/p>\n","protected":false},"excerpt":{"rendered":"<p>Destac\u00f3 que el trabajo conjunto a legisladores e intendentes del FPV permiti\u00f3 el tratamiento y la aprobaci\u00f3n de un mejor<\/p>\n","protected":false},"author":1,"featured_media":403,"comment_status":"closed","ping_status":"closed","sticky":false,"template":"","format":"standard","meta":{"kia_subtitle":"","footnotes":"","jetpack_publicize_message":"","jetpack_publicize_feature_enabled":true,"jetpack_social_post_already_shared":false,"jetpack_social_options":{"image_generator_settings":{"template":"highway","default_image_id":0,"font":"","enabled":false},"version":2}},"categories":[33,23,2],"tags":[],"class_list":["post-371","post","type-post","status-publish","format-standard","has-post-thumbnail","hentry","category-alte-brown-alte-brown","category-m-cascallares","category-alte-brown"],"jetpack_publicize_connections":[],"jetpack_featured_media_url":"https:\/\/laurbedigital.com.ar\/noticias\/wp-content\/uploads\/2016\/01\/20160117-cascallRES.jpg","_links":{"self":[{"href":"https:\/\/laurbedigital.com.ar\/noticias\/wp-json\/wp\/v2\/posts\/371","targetHints":{"allow":["GET"]}}],"collection":[{"href":"https:\/\/laurbedigital.com.ar\/noticias\/wp-json\/wp\/v2\/posts"}],"about":[{"href":"https:\/\/laurbedigital.com.ar\/noticias\/wp-json\/wp\/v2\/types\/post"}],"author":[{"embeddable":true,"href":"https:\/\/laurbedigital.com.ar\/noticias\/wp-json\/wp\/v2\/users\/1"}],"replies":[{"embeddable":true,"href":"https:\/\/laurbedigital.com.ar\/noticias\/wp-json\/wp\/v2\/comments?post=371"}],"version-history":[{"count":1,"href":"https:\/\/laurbedigital.com.ar\/noticias\/wp-json\/wp\/v2\/posts\/371\/revisions"}],"predecessor-version":[{"id":373,"href":"https:\/\/laurbedigital.com.ar\/noticias\/wp-json\/wp\/v2\/posts\/371\/revisions\/373"}],"wp:featuredmedia":[{"embeddable":true,"href":"https:\/\/laurbedigital.com.ar\/noticias\/wp-json\/wp\/v2\/media\/403"}],"wp:attachment":[{"href":"https:\/\/laurbedigital.com.ar\/noticias\/wp-json\/wp\/v2\/media?parent=371"}],"wp:term":[{"taxonomy":"category","embeddable":true,"href":"https:\/\/laurbedigital.com.ar\/noticias\/wp-json\/wp\/v2\/categories?post=371"},{"taxonomy":"post_tag","embeddable":true,"href":"https:\/\/laurbedigital.com.ar\/noticias\/wp-json\/wp\/v2\/tags?post=371"}],"curies":[{"name":"wp","href":"https:\/\/api.w.org\/{rel}","templated":true}]}}