{"id":36877,"date":"2020-10-01T14:14:34","date_gmt":"2020-10-01T17:14:34","guid":{"rendered":"https:\/\/laurbedigital.com.ar\/noticias\/?p=36877"},"modified":"2020-10-01T14:14:34","modified_gmt":"2020-10-01T17:14:34","slug":"intiman-al-gobierno-porteno-a-dar-informacion-sobre-la-compra-de-barbijos","status":"publish","type":"post","link":"https:\/\/laurbedigital.com.ar\/noticias\/2020\/10\/01\/intiman-al-gobierno-porteno-a-dar-informacion-sobre-la-compra-de-barbijos\/","title":{"rendered":"Intiman al gobierno porte\u00f1o a dar informaci\u00f3n sobre la compra de barbijos"},"content":{"rendered":"<p>&nbsp;<\/p>\n<h5>El juez Francisco Ferrer determin\u00f3 esa medida en el marco de la causa presentada por Mar\u00eda Fernanda Str\u00e1tico, contra la administraci\u00f3n de Horacio Rodr\u00edguez Larreta, en abril pasado.<\/h5>\n<p>El Gobierno de la Ciudad de Buenos Aires tendr\u00e1 siete d\u00edas desde hoy para contestar un pedido de acceso a la informaci\u00f3n sobre la compra de barbijos, solicitado en abril pasado por una ciudadana, en el contexto de la pandemia de coronavirus.<\/p>\n<p>El titular del juzgado de primera instancia en lo contencioso administrativo 23 de la Ciudad, Francisco Ferrer, determin\u00f3 esa medida en el marco de la causa presentada por Mar\u00eda Fernanda Str\u00e1tico contra la administraci\u00f3n de Horacio Rodr\u00edguez Larreta por la negativa gubernamental a entregar informaci\u00f3n sobre la compra implementos sanitarios.<\/p>\n<p>El 13 y el 14 de abril de este a\u00f1o, Str\u00e1tico hab\u00eda realizado tres presentaciones en las que solicitaba informaci\u00f3n sobre una resoluci\u00f3n publicada en el Bolet\u00edn Oficial porte\u00f1o que anunciaba la compra de\u00a0<em><strong>\u00ab15 mil barbijos por un monto de 45 millones de pesos, bajo la modalidad de contrataci\u00f3n directa\u00bb<\/strong>.<\/em><\/p>\n<p>En el pedido de acceso a la informaci\u00f3n se hab\u00eda solicitado que se detallara el valor de los barbijos <em>\u00abdiscriminado por unidad\u00bb,<\/em> las especificaciones t\u00e9cnicas, el n\u00famero de modelo, la imagen de los barbijos comprados, si contienen o no v\u00e1lvula y todo dato complementario sobre los aspectos t\u00e9cnicos.<\/p>\n<p>Seg\u00fan consta en la resoluci\u00f3n,\u00a0<strong>el 21 de abril, el Gobierno porte\u00f1o comunic\u00f3 la conformaci\u00f3n del expediente pero aclar\u00f3 que \u00abhar\u00eda uso de la pr\u00f3rroga contemplada en el art\u00edculo 10 de la ley 104\u00bb<\/strong>.<\/p>\n<p>Mientras tanto, el 20 de mayo le comunicaron a Str\u00e1tico la negativa al acceso <em>\u00abpor existir una causa de \u00edndole penal\u00bb<\/em> en la que se investigaba esa compra.<\/p>\n<p>Si bien el juez Ferrer confirma que<em> \u00abla informaci\u00f3n objeto del reclamo hab\u00eda sido requerida por el Fiscal\u00bb<\/em> de esa otra causa penal, record\u00f3 que <em>\u00abel derecho de acceso a la informaci\u00f3n p\u00fablica encuentra su fundamento en normas del m\u00e1s alto rango de nuestro ordenamiento jur\u00eddico, erigi\u00e9ndose como un componente sustancial de las instituciones democr\u00e1ticas\u00bb.<\/em><\/p>\n<p><strong>En ese sentido, se\u00f1al\u00f3 que el Gobierno hizo una lectura \u00abforzada\u00bb de una ley para negar la informaci\u00f3n.<\/strong><\/p>\n<p>La conducta de la administraci\u00f3n aparece, \u00ab<em>a todas luces, incompatible con los principios y finalidad del derecho de acceso a la informaci\u00f3n p\u00fablica\u00bb,<\/em> ya que <em>\u00absugiere que Str\u00e1tico deber\u00eda presentarse en otra instancia judicial, que tramita por ante otro fuero, en cuyo proceso deber\u00e1 acreditar tener un inter\u00e9s leg\u00edtimo para ser tenida como querellante\u00bb.<\/em><\/p>\n<p><em>\u00abLa denegatoria de informaci\u00f3n solicitada\u00bb por parte del Gobierno porte\u00f1o importa tambi\u00e9n una afectaci\u00f3n a la participaci\u00f3n y control ciudadano propiciados por la Constituci\u00f3n porte\u00f1a en materia presupuestaria\u00bb,<\/em> indic\u00f3 Ferrer, quien el \u00faltimo lunes fij\u00f3 un plazo de 10 d\u00edas para contestar el pedido.<\/p>\n<p>&nbsp;<\/p>\n<p>&nbsp;<\/p>\n","protected":false},"excerpt":{"rendered":"<p>&nbsp; El juez Francisco Ferrer determin\u00f3 esa medida en el marco de la causa presentada por Mar\u00eda Fernanda Str\u00e1tico, contra<\/p>\n","protected":false},"author":1,"featured_media":36878,"comment_status":"closed","ping_status":"closed","sticky":false,"template":"","format":"standard","meta":{"kia_subtitle":"","footnotes":"","jetpack_publicize_message":"","jetpack_publicize_feature_enabled":true,"jetpack_social_post_already_shared":true,"jetpack_social_options":{"image_generator_settings":{"template":"highway","default_image_id":0,"font":"","enabled":false},"version":2}},"categories":[3,2544],"tags":[],"class_list":["post-36877","post","type-post","status-publish","format-standard","has-post-thumbnail","hentry","category-actualidad","category-ciudad-de-buenos-aires"],"jetpack_publicize_connections":[],"jetpack_featured_media_url":"https:\/\/laurbedigital.com.ar\/noticias\/wp-content\/uploads\/2020\/10\/20201001-caba-barbijos.jpg","_links":{"self":[{"href":"https:\/\/laurbedigital.com.ar\/noticias\/wp-json\/wp\/v2\/posts\/36877","targetHints":{"allow":["GET"]}}],"collection":[{"href":"https:\/\/laurbedigital.com.ar\/noticias\/wp-json\/wp\/v2\/posts"}],"about":[{"href":"https:\/\/laurbedigital.com.ar\/noticias\/wp-json\/wp\/v2\/types\/post"}],"author":[{"embeddable":true,"href":"https:\/\/laurbedigital.com.ar\/noticias\/wp-json\/wp\/v2\/users\/1"}],"replies":[{"embeddable":true,"href":"https:\/\/laurbedigital.com.ar\/noticias\/wp-json\/wp\/v2\/comments?post=36877"}],"version-history":[{"count":1,"href":"https:\/\/laurbedigital.com.ar\/noticias\/wp-json\/wp\/v2\/posts\/36877\/revisions"}],"predecessor-version":[{"id":36879,"href":"https:\/\/laurbedigital.com.ar\/noticias\/wp-json\/wp\/v2\/posts\/36877\/revisions\/36879"}],"wp:featuredmedia":[{"embeddable":true,"href":"https:\/\/laurbedigital.com.ar\/noticias\/wp-json\/wp\/v2\/media\/36878"}],"wp:attachment":[{"href":"https:\/\/laurbedigital.com.ar\/noticias\/wp-json\/wp\/v2\/media?parent=36877"}],"wp:term":[{"taxonomy":"category","embeddable":true,"href":"https:\/\/laurbedigital.com.ar\/noticias\/wp-json\/wp\/v2\/categories?post=36877"},{"taxonomy":"post_tag","embeddable":true,"href":"https:\/\/laurbedigital.com.ar\/noticias\/wp-json\/wp\/v2\/tags?post=36877"}],"curies":[{"name":"wp","href":"https:\/\/api.w.org\/{rel}","templated":true}]}}