{"id":36875,"date":"2020-10-01T13:57:22","date_gmt":"2020-10-01T16:57:22","guid":{"rendered":"https:\/\/laurbedigital.com.ar\/noticias\/?p=36875"},"modified":"2020-10-01T13:57:22","modified_gmt":"2020-10-01T16:57:22","slug":"gollan-dijo-que-se-podran-plantear-aperturas-el-11-de-octubre-si-se-mantienen-estables-los-casos","status":"publish","type":"post","link":"https:\/\/laurbedigital.com.ar\/noticias\/2020\/10\/01\/gollan-dijo-que-se-podran-plantear-aperturas-el-11-de-octubre-si-se-mantienen-estables-los-casos\/","title":{"rendered":"Gollan dijo que se podr\u00e1n plantear aperturas el 11 de octubre si se mantienen estables los casos"},"content":{"rendered":"<p>&nbsp;<\/p>\n<h5>El titular de la cartera de Salud de la provincia de Buenos Aires manifest\u00f3 que se registra \u00abuna situaci\u00f3n de estabilidad en los contagios de Covid-19\u00bb en el AMBA.<\/h5>\n<p><strong>El ministro de Salud bonaerense, Daniel Gollan, afirm\u00f3 hoy que si en el \u00c1rea Metropolitana de Buenos Aires (AMBA) se mantiene la estabilidad de casos de coronavirus, se podr\u00e1n plantear nuevas aperturas de actividades a partir del 11 de octubre<\/strong>, cuando finaliza la actual etapa del aislamiento social, preventivo y obligatorio (ASPO).<\/p>\n<p>En declaraciones formuladas a t\u00e9lam durante un acto en homenaje que se hizo a la exdirectora del Instituto de Hemoterapia, Nora Etchenique, el funcionario provincial explic\u00f3 que se registra <em>\u00abuna situaci\u00f3n de estabilidad en los contagios de Covid-19\u00bb<\/em> en el AMBA.<\/p>\n<p><em>\u00abTambi\u00e9n hay una baja en el uso de las camas, una disminuci\u00f3n de casos de pacientes internados por coronavirus y, a la vez, un descenso en las llamadas al n\u00famero de atenci\u00f3n telef\u00f3nica 148, que es un indicador pr\u00e1ctico muy bueno\u00bb,<\/em> grafic\u00f3.<\/p>\n<p><strong>En ese marco, Gollan explic\u00f3 que <em>\u00absi siguen estas circunstancias en AMBA, seguramente se van a estar anunciando medidas de mayor apertura en distintas actividades\u00bb.<\/em><\/strong><\/p>\n<p><em>\u00abSiempre la premisa es que se mantengan estables los casos y, si es posible, con una tendencia a la baja\u00bb,<\/em> dijo el titular de la cartera de Salud provincial y remarc\u00f3 que el martes pasado y ayer se registr\u00f3 una estabilidad en los n\u00fameros.<\/p>\n<p>No obstante, precis\u00f3 que <em>\u00abesto no hay que mirarlo d\u00eda a d\u00eda, sino en la semana porque puede haber una distorsi\u00f3n\u00bb<\/em> y aclar\u00f3 que adem\u00e1s, la estabilidad no implica <em>\u00abque la batalla contra el coronavirus est\u00e9 ganada\u00bb.<\/em><\/p>\n<p>Finalmente, Gollan dijo que se seguir\u00e1 analizado d\u00eda por d\u00eda <em>\u00abc\u00f3mo estamos\u00bb<\/em> y remarc\u00f3 que <em>\u00absi contin\u00faa as\u00ed, a partir del 11 podremos hacer alguna otras aperturas\u00bb.<\/em><\/p>\n<p>&nbsp;<\/p>\n<p>&nbsp;<\/p>\n","protected":false},"excerpt":{"rendered":"<p>&nbsp; El titular de la cartera de Salud de la provincia de Buenos Aires manifest\u00f3 que se registra \u00abuna situaci\u00f3n<\/p>\n","protected":false},"author":1,"featured_media":30300,"comment_status":"closed","ping_status":"closed","sticky":false,"template":"","format":"standard","meta":{"kia_subtitle":"","footnotes":"","jetpack_publicize_message":"","jetpack_publicize_feature_enabled":true,"jetpack_social_post_already_shared":true,"jetpack_social_options":{"image_generator_settings":{"template":"highway","default_image_id":0,"font":"","enabled":false},"version":2}},"categories":[3,56],"tags":[],"class_list":["post-36875","post","type-post","status-publish","format-standard","has-post-thumbnail","hentry","category-actualidad","category-buenos-aires"],"jetpack_publicize_connections":[],"jetpack_featured_media_url":"https:\/\/laurbedigital.com.ar\/noticias\/wp-content\/uploads\/2020\/07\/20200707-GOLLAN.jpg","_links":{"self":[{"href":"https:\/\/laurbedigital.com.ar\/noticias\/wp-json\/wp\/v2\/posts\/36875","targetHints":{"allow":["GET"]}}],"collection":[{"href":"https:\/\/laurbedigital.com.ar\/noticias\/wp-json\/wp\/v2\/posts"}],"about":[{"href":"https:\/\/laurbedigital.com.ar\/noticias\/wp-json\/wp\/v2\/types\/post"}],"author":[{"embeddable":true,"href":"https:\/\/laurbedigital.com.ar\/noticias\/wp-json\/wp\/v2\/users\/1"}],"replies":[{"embeddable":true,"href":"https:\/\/laurbedigital.com.ar\/noticias\/wp-json\/wp\/v2\/comments?post=36875"}],"version-history":[{"count":1,"href":"https:\/\/laurbedigital.com.ar\/noticias\/wp-json\/wp\/v2\/posts\/36875\/revisions"}],"predecessor-version":[{"id":36876,"href":"https:\/\/laurbedigital.com.ar\/noticias\/wp-json\/wp\/v2\/posts\/36875\/revisions\/36876"}],"wp:featuredmedia":[{"embeddable":true,"href":"https:\/\/laurbedigital.com.ar\/noticias\/wp-json\/wp\/v2\/media\/30300"}],"wp:attachment":[{"href":"https:\/\/laurbedigital.com.ar\/noticias\/wp-json\/wp\/v2\/media?parent=36875"}],"wp:term":[{"taxonomy":"category","embeddable":true,"href":"https:\/\/laurbedigital.com.ar\/noticias\/wp-json\/wp\/v2\/categories?post=36875"},{"taxonomy":"post_tag","embeddable":true,"href":"https:\/\/laurbedigital.com.ar\/noticias\/wp-json\/wp\/v2\/tags?post=36875"}],"curies":[{"name":"wp","href":"https:\/\/api.w.org\/{rel}","templated":true}]}}