{"id":36871,"date":"2020-10-01T13:38:17","date_gmt":"2020-10-01T16:38:17","guid":{"rendered":"https:\/\/laurbedigital.com.ar\/noticias\/?p=36871"},"modified":"2020-10-01T13:38:17","modified_gmt":"2020-10-01T16:38:17","slug":"violencia-machista-otro-femicidio-en-palpala-hallaron-el-cuerpo-de-gabriela-cruz","status":"publish","type":"post","link":"https:\/\/laurbedigital.com.ar\/noticias\/2020\/10\/01\/violencia-machista-otro-femicidio-en-palpala-hallaron-el-cuerpo-de-gabriela-cruz\/","title":{"rendered":"Violencia machista: otro femicidio en Palpal\u00e1, hallaron el cuerpo de Gabriela Cruz"},"content":{"rendered":"<p>&nbsp;<\/p>\n<h5>El cuerpo de la joven de 24 a\u00f1os, desaparecida hace una semana fue hallado en los alrededores de la Serran\u00eda de Zapla. Se trata del segundo femicidio en una semana, en esa localidad juje\u00f1a.<\/h5>\n<p><strong>El cuerpo de una mujer fue hallado este jueves en inmediaciones a las Serran\u00edas de Zapla, en la ciudad juje\u00f1a de Palpal\u00e1, y poco despu\u00e9s se conoci\u00f3 que se trata de Gabriela Cruz<\/strong>, la joven de 24 a\u00f1os que estaba desaparecida desde hace una semana.<\/p>\n<p>El hallazgo de la joven fue esta madrugada en los alrededores de la Serran\u00eda de Zapla, donde se hab\u00eda montado un extenso operativo de resguardo y peritaje de la escena, seg\u00fan confirm\u00f3 el fiscal Dario Osinaga Gallacher, public\u00f3 el portal Vamos Jujuy.<\/p>\n<p><em><strong>\u201cSe realiz\u00f3 un trabajo bastante meticuloso, se ten\u00eda identificado aproximadamente en d\u00f3nde podr\u00eda haber un cuerpo\u201d,<\/strong><\/em>\u00a0dijo el funcionario.<\/p>\n<p>Las tareas en el lugar fueron realizadas por personal de Criminalista y del Ministerio P\u00fablico de la Acusaci\u00f3n, junto con bomberos, y\u00a0<em><strong>\u00abse actu\u00f3 conforme establecen los protocolos para este tipo de situaciones\u201d,<\/strong>\u00a0<\/em>a\u00f1adi\u00f3 el funcionario.<\/p>\n<p><strong>En en marco de la causa por la desaparici\u00f3n de la joven de 24 a\u00f1os fue detenida su ex pareja, quien, seg\u00fan el fiscal, <em>\u201chabr\u00eda incurrido en reiteradas contradicciones\u201d,<\/em><\/strong>\u00a0ya que primero dijo no saber nada y luego admiti\u00f3 haber tenido una discusi\u00f3n con ella.<\/p>\n<p>El cuerpo encontrado en Palpal\u00e1 fue trasladado a la morgue del Poder Judicial de Jujuy, donde se realizar\u00e1 la autopsia de rigor para determinar las causas de la muerte.<\/p>\n<p>Las actuaciones judiciales en torno al hallazgo fueron giradas Fiscal\u00eda Especializada en Delitos Graves Contra las Personas y Femicidios, a cargo de Diego Cussel.<\/p>\n<p><strong>La joven hab\u00eda desaparecido la semana pasada cuando sali\u00f3 de su casa de Palpal\u00e1 para realizar una compra en un almac\u00e9n de su barrio y nada m\u00e1s se supo de ella.<\/strong><\/p>\n<p><strong>El pasado lunes, tambi\u00e9n en esa ciudad, fue hallada estrangulada Iara Sabrina Rueda, la adolescente de 16 a\u00f1os que estaba desaparecida desde el mi\u00e9rcoles 23 de septiembre, un d\u00eda antes que Cruz.<\/strong>\u00a0Su cuerpo fue encontrado semi enterrado y al momento del hallazgo,\u00a0<strong>ambas familias esperaban por la confirmaci\u00f3n de la identidad de alguna de las j\u00f3venes.\u00a0<\/strong><\/p>\n<p><strong>El femicidio de Iara gener\u00f3 indignaci\u00f3n entre los vecinos que cuestionaron a la Polic\u00eda local de no buscar a las chicas<\/strong>\u00a0y reprimir a los familiares y amigos cuando salieron a las calles a pedir Justicia.<\/p>\n<p><strong><em>Si sos v\u00edctima de violencia de g\u00e9nero o conoc\u00e9s a alguien que necesite ayuda, comunicate a la l\u00ednea nacional y gratuita 144, que funciona todos los d\u00edas del a\u00f1o, las 24 horas. Tambi\u00e9n pod\u00e9s enviar un mensaje con la palabra \u00abhola\u00bb a la l\u00ednea directa +54 9 11 2771-6463 de Whatsapp a nivel nacional.\u00a0<\/em><\/strong><\/p>\n<p>&nbsp;<\/p>\n<p>&nbsp;<\/p>\n","protected":false},"excerpt":{"rendered":"<p>&nbsp; El cuerpo de la joven de 24 a\u00f1os, desaparecida hace una semana fue hallado en los alrededores de la<\/p>\n","protected":false},"author":1,"featured_media":36872,"comment_status":"closed","ping_status":"closed","sticky":false,"template":"","format":"standard","meta":{"kia_subtitle":"","footnotes":"","jetpack_publicize_message":"","jetpack_publicize_feature_enabled":true,"jetpack_social_post_already_shared":true,"jetpack_social_options":{"image_generator_settings":{"template":"highway","default_image_id":0,"font":"","enabled":false},"version":2}},"categories":[8],"tags":[],"class_list":["post-36871","post","type-post","status-publish","format-standard","has-post-thumbnail","hentry","category-policiales"],"jetpack_publicize_connections":[],"jetpack_featured_media_url":"https:\/\/laurbedigital.com.ar\/noticias\/wp-content\/uploads\/2020\/10\/20201001-femicidio-Palpala-Gabriela-Cruz.jpg","_links":{"self":[{"href":"https:\/\/laurbedigital.com.ar\/noticias\/wp-json\/wp\/v2\/posts\/36871","targetHints":{"allow":["GET"]}}],"collection":[{"href":"https:\/\/laurbedigital.com.ar\/noticias\/wp-json\/wp\/v2\/posts"}],"about":[{"href":"https:\/\/laurbedigital.com.ar\/noticias\/wp-json\/wp\/v2\/types\/post"}],"author":[{"embeddable":true,"href":"https:\/\/laurbedigital.com.ar\/noticias\/wp-json\/wp\/v2\/users\/1"}],"replies":[{"embeddable":true,"href":"https:\/\/laurbedigital.com.ar\/noticias\/wp-json\/wp\/v2\/comments?post=36871"}],"version-history":[{"count":1,"href":"https:\/\/laurbedigital.com.ar\/noticias\/wp-json\/wp\/v2\/posts\/36871\/revisions"}],"predecessor-version":[{"id":36873,"href":"https:\/\/laurbedigital.com.ar\/noticias\/wp-json\/wp\/v2\/posts\/36871\/revisions\/36873"}],"wp:featuredmedia":[{"embeddable":true,"href":"https:\/\/laurbedigital.com.ar\/noticias\/wp-json\/wp\/v2\/media\/36872"}],"wp:attachment":[{"href":"https:\/\/laurbedigital.com.ar\/noticias\/wp-json\/wp\/v2\/media?parent=36871"}],"wp:term":[{"taxonomy":"category","embeddable":true,"href":"https:\/\/laurbedigital.com.ar\/noticias\/wp-json\/wp\/v2\/categories?post=36871"},{"taxonomy":"post_tag","embeddable":true,"href":"https:\/\/laurbedigital.com.ar\/noticias\/wp-json\/wp\/v2\/tags?post=36871"}],"curies":[{"name":"wp","href":"https:\/\/api.w.org\/{rel}","templated":true}]}}