{"id":36852,"date":"2020-10-01T12:44:11","date_gmt":"2020-10-01T15:44:11","guid":{"rendered":"https:\/\/laurbedigital.com.ar\/noticias\/?p=36852"},"modified":"2020-10-01T12:44:11","modified_gmt":"2020-10-01T15:44:11","slug":"bianco-tras-la-postergacion-del-desalojo-en-guernica-seguimos-trabajando-para-que-sea-pacifico","status":"publish","type":"post","link":"https:\/\/laurbedigital.com.ar\/noticias\/2020\/10\/01\/bianco-tras-la-postergacion-del-desalojo-en-guernica-seguimos-trabajando-para-que-sea-pacifico\/","title":{"rendered":"Bianco, tras la postergaci\u00f3n del desalojo en Guernica: \u00abSeguimos trabajando para que sea pac\u00edfico\u00bb"},"content":{"rendered":"<p>&nbsp;<\/p>\n<h5>El jefe de gabinete bonaerense se refiri\u00f3 a la decisi\u00f3n de la justicia penal de La Plata, que posterg\u00f3 hasta mediados de octubre el desalojo de las tierras ocupadas, al aceptar un pedido formulado por el gobierno provincial.<\/h5>\n<p>El jefe de gabinete bonaerense, Carlos Bianco, dijo hoy que, tras la postergaci\u00f3n del desalojo del predio de la localidad de Guernica para mediados de octubre, el gobierno provincial contin\u00faa trabajando para que el operativo se desarrolle de \u00abforma pac\u00edfica y democr\u00e1tica\u00bb.<\/p>\n<p><em><strong>\u00abEl primer paso fue el censo y el segundo fue trabajar con ellos para intentar buscarles una soluci\u00f3n que sea compatible con lo que imparte la justicia, que es el desalojo\u00bb,<\/strong><\/em> expres\u00f3 Bianco esta ma\u00f1ana en declaraciones a FM Metro.<\/p>\n<p><em>\u00abSe sigue trabajando para que el desalojo sea de forma pac\u00edfica y democr\u00e1tica\u00bb,<\/em> agreg\u00f3 el funcionario bonaerense.<\/p>\n<blockquote><p><strong><em>\u00abCensamos m\u00e1s de 1.500 familias y s\u00f3lo 30 de ellas estaban en situaci\u00f3n de calle. Nadie dice que el d\u00e9ficit habitacional se solucionar\u00e1 en dos o tres a\u00f1os\u00bb<\/em><\/strong><\/p><\/blockquote>\n<p><strong>Ayer, la justicia penal de La Plata posterg\u00f3 hasta al menos mediados de octubre el desalojo de las tierras ocupadas, que estaba previsto para hoy, al aceptar un pedido en ese sentido formulado por el gobierno provincial.<\/strong><\/p>\n<p>La medida la adopt\u00f3 el Juez de Garant\u00edas de La Plata con asiento la ciudad de Ca\u00f1uelas, Mart\u00edn Rizzo, quien dispuso que el desalojo deber\u00e1 realizarse el 15 de octubre o supletoriamente los d\u00edas 16, 19, 20, 21, 22, 23, 26, 27, 28, 29 o 30 de octubre.<\/p>\n<p>En sus declaraciones de hoy, Bianco explic\u00f3 que -de acuerdo al censo realizado- <em>\u00abs\u00f3lo 30 familias estaban en situaci\u00f3n de calle\u00bb<\/em> en la toma de terrenos en Guernica.<\/p>\n<p><em>\u00abCensamos m\u00e1s de 1.500 familias y s\u00f3lo 30 de ellas estaban en situaci\u00f3n de calle. Nadie dice que el d\u00e9ficit habitacional se solucionar\u00e1 en dos o tres a\u00f1os\u00bb,<\/em> destac\u00f3.<\/p>\n<p>Por \u00faltimo, el jefe de Gabinete bonaerense afirm\u00f3 que <em>\u00abhubo una ca\u00edda muy grande en la construcci\u00f3n de viviendas en los \u00faltimos cuatro a\u00f1os. Tampoco hubo soluciones habitacionales en ese per\u00edodo\u00bb.<\/em><\/p>\n<p>&nbsp;<\/p>\n<p>&nbsp;<\/p>\n","protected":false},"excerpt":{"rendered":"<p>&nbsp; El jefe de gabinete bonaerense se refiri\u00f3 a la decisi\u00f3n de la justicia penal de La Plata, que posterg\u00f3<\/p>\n","protected":false},"author":1,"featured_media":34636,"comment_status":"closed","ping_status":"closed","sticky":false,"template":"","format":"standard","meta":{"kia_subtitle":"","footnotes":"","jetpack_publicize_message":"","jetpack_publicize_feature_enabled":true,"jetpack_social_post_already_shared":true,"jetpack_social_options":{"image_generator_settings":{"template":"highway","default_image_id":0,"font":"","enabled":false},"version":2}},"categories":[13,56,244],"tags":[],"class_list":["post-36852","post","type-post","status-publish","format-standard","has-post-thumbnail","hentry","category-region","category-buenos-aires","category-presidente-peron"],"jetpack_publicize_connections":[],"jetpack_featured_media_url":"https:\/\/laurbedigital.com.ar\/noticias\/wp-content\/uploads\/2020\/09\/20200904-bianco.jpg","_links":{"self":[{"href":"https:\/\/laurbedigital.com.ar\/noticias\/wp-json\/wp\/v2\/posts\/36852","targetHints":{"allow":["GET"]}}],"collection":[{"href":"https:\/\/laurbedigital.com.ar\/noticias\/wp-json\/wp\/v2\/posts"}],"about":[{"href":"https:\/\/laurbedigital.com.ar\/noticias\/wp-json\/wp\/v2\/types\/post"}],"author":[{"embeddable":true,"href":"https:\/\/laurbedigital.com.ar\/noticias\/wp-json\/wp\/v2\/users\/1"}],"replies":[{"embeddable":true,"href":"https:\/\/laurbedigital.com.ar\/noticias\/wp-json\/wp\/v2\/comments?post=36852"}],"version-history":[{"count":1,"href":"https:\/\/laurbedigital.com.ar\/noticias\/wp-json\/wp\/v2\/posts\/36852\/revisions"}],"predecessor-version":[{"id":36853,"href":"https:\/\/laurbedigital.com.ar\/noticias\/wp-json\/wp\/v2\/posts\/36852\/revisions\/36853"}],"wp:featuredmedia":[{"embeddable":true,"href":"https:\/\/laurbedigital.com.ar\/noticias\/wp-json\/wp\/v2\/media\/34636"}],"wp:attachment":[{"href":"https:\/\/laurbedigital.com.ar\/noticias\/wp-json\/wp\/v2\/media?parent=36852"}],"wp:term":[{"taxonomy":"category","embeddable":true,"href":"https:\/\/laurbedigital.com.ar\/noticias\/wp-json\/wp\/v2\/categories?post=36852"},{"taxonomy":"post_tag","embeddable":true,"href":"https:\/\/laurbedigital.com.ar\/noticias\/wp-json\/wp\/v2\/tags?post=36852"}],"curies":[{"name":"wp","href":"https:\/\/api.w.org\/{rel}","templated":true}]}}