{"id":36677,"date":"2020-09-29T14:02:28","date_gmt":"2020-09-29T17:02:28","guid":{"rendered":"https:\/\/laurbedigital.com.ar\/noticias\/?p=36677"},"modified":"2020-09-29T14:02:28","modified_gmt":"2020-09-29T17:02:28","slug":"actos-y-eventos-virtuales-por-el-147-aniversario-de-almirante-brown","status":"publish","type":"post","link":"https:\/\/laurbedigital.com.ar\/noticias\/2020\/09\/29\/actos-y-eventos-virtuales-por-el-147-aniversario-de-almirante-brown\/","title":{"rendered":"Actos y eventos virtuales por el 147\u00b0 aniversario de Almirante Brown"},"content":{"rendered":"<p>&nbsp;<\/p>\n<h5><span style=\"font-weight: 400;\">El Municipio de Almirante Brown invit\u00f3 a las vecinas y los vecinos de todo el distrito a participar en forma virtual de los actos y las actividades organizadas para ma\u00f1ana, mi\u00e9rcoles 30 de septiembre, al conmemorarse el 147\u00b0 aniversario de la fundaci\u00f3n del Partido y los ocho a\u00f1os de la creaci\u00f3n de la Bandera Distrital.<\/span><\/h5>\n<p><b><img loading=\"lazy\" decoding=\"async\" class=\"alignnone size-full wp-image-36679\" src=\"https:\/\/laurbedigital.com.ar\/noticias\/wp-content\/uploads\/2020\/09\/casamunicipal.jpg\" alt=\"\" width=\"550\" height=\"412\" title=\"\" srcset=\"https:\/\/laurbedigital.com.ar\/noticias\/wp-content\/uploads\/2020\/09\/casamunicipal.jpg 550w, https:\/\/laurbedigital.com.ar\/noticias\/wp-content\/uploads\/2020\/09\/casamunicipal-300x225.jpg 300w\" sizes=\"auto, (max-width: 550px) 100vw, 550px\" \/><\/p>\n<p>ENTREGA DE BANDERAS OFICIALES A ESCUELAS<br \/>\n<\/b><span style=\"font-weight: 400;\">El mi\u00e9rcoles 30 de septiembre desde las 10 horas en la Casa Municipal escuelas recibir\u00e1n en forma simb\u00f3lica de manos del intendente Mariano Cascallares y del titular del Concejo Deliberante, Nicol\u00e1s Jawtuschenko, ejemplares del libro \u00abLos Pueblos de Almirante Brown\u00bb y banderas distritales. De este evento tambi\u00e9n participar\u00e1n la filial local del Instituto Nacional Browniano y la representaci\u00f3n de la Asociaci\u00f3n Nativos de Almirante Brown. Esta actividad se transmitir\u00e1 en vio por la cuenta de Facebook del Municipio browniano.<\/span><\/p>\n<p><b><br \/>\nCHARLA VIRTUAL CON HISTORIADORES BROWNIANOS<br \/>\n<\/b><span style=\"font-weight: 400;\">A las 14 horas tendr\u00e1 lugar una Charla de Historiadores Brownianos sobre nuestro distrito, arrancando en sus comienzos y repasando la evoluci\u00f3n a lo largo de los a\u00f1os. Disertar\u00e1n el presidente del Instituto de Estudios Hist\u00f3ricos, Emilio Klubus; junto al historiador Licenciado Jorge Fern\u00e1ndez Arreyes y la Profesora Alejandra Lugones. Esta actividad se transmitir\u00e1 en vivo por la cuenta de Instagram del Municipio browniano.<\/span><\/p>\n<p><b><br \/>\nPRESENTACI\u00d3N DE LIBROS DE POES\u00cdAS<br \/>\n<\/b><span style=\"font-weight: 400;\">Mientras tanto desde las 16 horas se presentar\u00e1 el libro de poes\u00edas versi\u00f3n digital y audiolibro <em>\u00abLos cohetes del A\u00f1o Nuevo\u00bb<\/em> escrito por chicos y chicas del Programa Envi\u00f3n. <\/span><span style=\"font-weight: 400;\">Esta actividad se transmitir\u00e1 en vio por la cuenta de Facebook del Municipio browniano.<\/span><\/p>\n<p><b><br \/>\nESPECIAL ARCHIVO COM\u00daN<br \/>\n<\/b><span style=\"font-weight: 400;\">Este mi\u00e9rcoles 30 de septiembre desde las 20 horas a trav\u00e9s del Facebook del Instituto Municipal de las Culturas se transmitir\u00e1 el cuarto episodio del ciclo Archivo Com\u00fan. <em>\u00abEn esta oportunidad haremos un recorrido por la historia de nuestra ciudad, sus localidades, sus personajes y sus queridas instituciones\u00bb,<\/em> se indic\u00f3.<\/p>\n<p><\/span><span style=\"font-weight: 400;\"><em>\u00abCon una mirada historiogr\u00e1fica plural y con una narrativa local, pondremos en valor nuestro pasado, presente y futuro com\u00fan\u00bb,<\/em> indicaron desde el Instituto de las Culturas de Almirante Brown.<\/span><\/p>\n<p>&nbsp;<\/p>\n<p>&nbsp;<\/p>\n","protected":false},"excerpt":{"rendered":"<p>&nbsp; El Municipio de Almirante Brown invit\u00f3 a las vecinas y los vecinos de todo el distrito a participar en<\/p>\n","protected":false},"author":1,"featured_media":36678,"comment_status":"closed","ping_status":"closed","sticky":false,"template":"","format":"standard","meta":{"kia_subtitle":"","footnotes":"","jetpack_publicize_message":"","jetpack_publicize_feature_enabled":true,"jetpack_social_post_already_shared":true,"jetpack_social_options":{"image_generator_settings":{"template":"highway","default_image_id":0,"font":"","enabled":false},"version":2}},"categories":[2,33],"tags":[],"class_list":["post-36677","post","type-post","status-publish","format-standard","has-post-thumbnail","hentry","category-alte-brown","category-alte-brown-alte-brown"],"jetpack_publicize_connections":[],"jetpack_featured_media_url":"https:\/\/laurbedigital.com.ar\/noticias\/wp-content\/uploads\/2020\/09\/20200929-brown-virtual.jpg","_links":{"self":[{"href":"https:\/\/laurbedigital.com.ar\/noticias\/wp-json\/wp\/v2\/posts\/36677","targetHints":{"allow":["GET"]}}],"collection":[{"href":"https:\/\/laurbedigital.com.ar\/noticias\/wp-json\/wp\/v2\/posts"}],"about":[{"href":"https:\/\/laurbedigital.com.ar\/noticias\/wp-json\/wp\/v2\/types\/post"}],"author":[{"embeddable":true,"href":"https:\/\/laurbedigital.com.ar\/noticias\/wp-json\/wp\/v2\/users\/1"}],"replies":[{"embeddable":true,"href":"https:\/\/laurbedigital.com.ar\/noticias\/wp-json\/wp\/v2\/comments?post=36677"}],"version-history":[{"count":1,"href":"https:\/\/laurbedigital.com.ar\/noticias\/wp-json\/wp\/v2\/posts\/36677\/revisions"}],"predecessor-version":[{"id":36680,"href":"https:\/\/laurbedigital.com.ar\/noticias\/wp-json\/wp\/v2\/posts\/36677\/revisions\/36680"}],"wp:featuredmedia":[{"embeddable":true,"href":"https:\/\/laurbedigital.com.ar\/noticias\/wp-json\/wp\/v2\/media\/36678"}],"wp:attachment":[{"href":"https:\/\/laurbedigital.com.ar\/noticias\/wp-json\/wp\/v2\/media?parent=36677"}],"wp:term":[{"taxonomy":"category","embeddable":true,"href":"https:\/\/laurbedigital.com.ar\/noticias\/wp-json\/wp\/v2\/categories?post=36677"},{"taxonomy":"post_tag","embeddable":true,"href":"https:\/\/laurbedigital.com.ar\/noticias\/wp-json\/wp\/v2\/tags?post=36677"}],"curies":[{"name":"wp","href":"https:\/\/api.w.org\/{rel}","templated":true}]}}