{"id":36670,"date":"2020-09-29T13:00:38","date_gmt":"2020-09-29T16:00:38","guid":{"rendered":"https:\/\/laurbedigital.com.ar\/noticias\/?p=36670"},"modified":"2020-09-29T13:00:38","modified_gmt":"2020-09-29T16:00:38","slug":"del-plan-condor-al-proyecto-amba-cuando-el-poder-irrumpe-en-la-organizacion-popular","status":"publish","type":"post","link":"https:\/\/laurbedigital.com.ar\/noticias\/2020\/09\/29\/del-plan-condor-al-proyecto-amba-cuando-el-poder-irrumpe-en-la-organizacion-popular\/","title":{"rendered":"Del Plan C\u00f3ndor al proyecto AMBA: cuando el poder irrumpe en la organizaci\u00f3n popular"},"content":{"rendered":"<p>&nbsp;<\/p>\n<p><span style=\"font-weight: 400;\">La organizaci\u00f3n popular, siempre fue un factor de temor de los gobiernos totalitarios, sean democr\u00e1ticos o no y del poder que intenta concentrar la riqueza a costa de fomentar un crecimiento de la pobreza estructural. En esta semana, se conoci\u00f3 el llamado \u201cproyecto AMBA\u201d, que utiliz\u00f3 los recursos del Estado, materializados en la AFI durante el per\u00edodo de gobierno de Mauricio Macri, para investigar e infiltrar organizaciones sociales, sindicales y pol\u00edticas con asiento en el Conurbano Bonaerense.<\/p>\n<p><\/span><span style=\"font-weight: 400;\">Dentro del escrito de 300 p\u00e1ginas aproximadamente, que hoy tramita en la causa N\u00ba FMP 88\/2019, caratulada \u201cD \u0301ALESSIO,MARCELO SEBASTI\u00c1N Y OTROS S\/ASOCIACI\u00d3N IL\u00cdCITA Y OTRO\u201d, del registro\u00a0 de\u00a0 la\u00a0 Secretar\u00eda\u00a0 Penal\u00a0 de\u00a0 este\u00a0 Juzgado\u00a0 Federal\u00a0 de\u00a0 Primera Instancia de la ciudad de Dolores a cargo del Juez Alejo Ramos Padilla, no solamente se encuentran datos de organizaciones, sino tambi\u00e9n de sus dirigentes, fotos de los lugares que frecuentaban, familias, comedores con ni\u00f1os, ni\u00f1as y adolescentes y toda clase de datos que recolectaban de las personas que se \u201cinfiltraban\u201d en las organizaciones para investigar a cada uno de sus integrantes.<\/p>\n<p><\/span><span style=\"font-weight: 400;\">La causa conocida como \u201cDaslessio Gate\u201d evidencia, el uso de la estructura de El Estado en contra las leg\u00edtimas organizaciones populares, y sus dirigentes, tal como se evidencia en el recuerdo de las horas m\u00e1s oscuras de nuestro pa\u00eds bajo el golpe c\u00edvico militar de 1976.<\/p>\n<p><\/span><span style=\"font-weight: 400;\">En ese sentido, la organizaci\u00f3n social y popular siempre ha sido un interrogante de cierto miedo para quienes toman decisiones en contra de los intereses de los excluidos del sistema, y fundamentalmente quienes desde la inequidad sostienen brechas significativas pobreza e indigencia en nuestro pa\u00eds.<\/p>\n<p><\/span><span style=\"font-weight: 400;\">La concentraci\u00f3n de la riqueza necesariamente, deja una gran porci\u00f3n de la sociedad por fuera de las estructuras concretas del Estado, lo que provoca levantamientos populares y reclamos sociales que se estructura sobre la base del crecimiento de la pobreza. Visto de esta manera, el neoliberalismo voraz de los \u00faltimos a\u00f1os durante el gobierno de Macri, no solamente se mostr\u00f3 dispuesto a acrecentar esta grieta en t\u00e9rminos de crecimiento de pobreza, sino tambi\u00e9n de perseguir a quienes sufren los embates de la exclusi\u00f3n del\u00a0 sistema.<\/span><\/p>\n<p>&nbsp;<\/p>\n<p>&nbsp;<\/p>\n","protected":false},"excerpt":{"rendered":"<p>&nbsp; La organizaci\u00f3n popular, siempre fue un factor de temor de los gobiernos totalitarios, sean democr\u00e1ticos o no y del<\/p>\n","protected":false},"author":1,"featured_media":36671,"comment_status":"closed","ping_status":"closed","sticky":false,"template":"","format":"standard","meta":{"kia_subtitle":"","footnotes":"","jetpack_publicize_message":"","jetpack_publicize_feature_enabled":true,"jetpack_social_post_already_shared":true,"jetpack_social_options":{"image_generator_settings":{"template":"highway","default_image_id":0,"font":"","enabled":false},"version":2}},"categories":[26],"tags":[],"class_list":["post-36670","post","type-post","status-publish","format-standard","has-post-thumbnail","hentry","category-editorial"],"jetpack_publicize_connections":[],"jetpack_featured_media_url":"https:\/\/laurbedigital.com.ar\/noticias\/wp-content\/uploads\/2020\/09\/20200929-editorial-ojo-espia.jpg","_links":{"self":[{"href":"https:\/\/laurbedigital.com.ar\/noticias\/wp-json\/wp\/v2\/posts\/36670","targetHints":{"allow":["GET"]}}],"collection":[{"href":"https:\/\/laurbedigital.com.ar\/noticias\/wp-json\/wp\/v2\/posts"}],"about":[{"href":"https:\/\/laurbedigital.com.ar\/noticias\/wp-json\/wp\/v2\/types\/post"}],"author":[{"embeddable":true,"href":"https:\/\/laurbedigital.com.ar\/noticias\/wp-json\/wp\/v2\/users\/1"}],"replies":[{"embeddable":true,"href":"https:\/\/laurbedigital.com.ar\/noticias\/wp-json\/wp\/v2\/comments?post=36670"}],"version-history":[{"count":1,"href":"https:\/\/laurbedigital.com.ar\/noticias\/wp-json\/wp\/v2\/posts\/36670\/revisions"}],"predecessor-version":[{"id":36672,"href":"https:\/\/laurbedigital.com.ar\/noticias\/wp-json\/wp\/v2\/posts\/36670\/revisions\/36672"}],"wp:featuredmedia":[{"embeddable":true,"href":"https:\/\/laurbedigital.com.ar\/noticias\/wp-json\/wp\/v2\/media\/36671"}],"wp:attachment":[{"href":"https:\/\/laurbedigital.com.ar\/noticias\/wp-json\/wp\/v2\/media?parent=36670"}],"wp:term":[{"taxonomy":"category","embeddable":true,"href":"https:\/\/laurbedigital.com.ar\/noticias\/wp-json\/wp\/v2\/categories?post=36670"},{"taxonomy":"post_tag","embeddable":true,"href":"https:\/\/laurbedigital.com.ar\/noticias\/wp-json\/wp\/v2\/tags?post=36670"}],"curies":[{"name":"wp","href":"https:\/\/api.w.org\/{rel}","templated":true}]}}