{"id":36667,"date":"2020-09-29T12:54:03","date_gmt":"2020-09-29T15:54:03","guid":{"rendered":"https:\/\/laurbedigital.com.ar\/noticias\/?p=36667"},"modified":"2020-09-29T12:54:03","modified_gmt":"2020-09-29T15:54:03","slug":"en-la-provincia-ya-recibieron-el-subsidio-de-500-pesos-diarios-2-546-pacientes-leves-de-covid-19","status":"publish","type":"post","link":"https:\/\/laurbedigital.com.ar\/noticias\/2020\/09\/29\/en-la-provincia-ya-recibieron-el-subsidio-de-500-pesos-diarios-2-546-pacientes-leves-de-covid-19\/","title":{"rendered":"En la Provincia, ya recibieron el subsidio de 500 pesos diarios, 2.546 pacientes leves de COVID-19"},"content":{"rendered":"<p>&nbsp;<\/p>\n<p><strong>Son los que eligen aislarse en centros extrahospitalarios para evitar contagiar a familiares y contactos estrechos. En total, el gobierno bonaerense ya invirti\u00f3 casi 8 millones de pesos.<\/strong><\/p>\n<p>Desde su puesta en marcha, hace dos meses, el gobierno de la Provincia de Buenos Aires ya invirti\u00f3 casi 8 millones de pesos en el Programa Acompa\u00f1ar, dirigido a las personas con s\u00edntomas leves de COVID-19 que voluntariamente cumplen el per\u00edodo de aislamiento en centros extrahospitalarios, con el fin de evitar la cadena de contagios entre sus contactos estrechos.<\/p>\n<p><em>\u201cEl programa Acompa\u00f1ar, que puso en marcha el gobernador Axel Kicillof, prev\u00e9 un subsidio de 500 pesos diarios para todas las personas que son positivas para COVID-19 y que tienen s\u00edntomas leves o son asintom\u00e1ticos, con lo cual no deben ser ingresadas en un centro de salud pero voluntariamente van a los centros extrahospitalarios que hay en toda la Provincia y, de esta manera, cuidan a sus familiares y contactos directos y cortan la cadena de contagio\u201d,<\/em> explic\u00f3 la subsecretaria T\u00e9cnica, Administrativa y Legal del ministerio de Salud bonaerense, Victoria Anad\u00f3n.<\/p>\n<p>En total, desde el 22 de julio, fecha en que se puso en marcha el programa, 2.546 personas se alojaron en alguno de los 216 centros del programa y recibieron el subsidio de 500 pesos por d\u00eda que, hasta ahora, signific\u00f3 una inversi\u00f3n global de la Provincia de $7.962.500.<\/p>\n<p>Anad\u00f3n agreg\u00f3 que esta iniciativa <em>\u00abes una una manera de reconocer este esfuerzo del desarraigo y tambi\u00e9n de premiar esta acci\u00f3n solidaria de cuidado comunitario que asumen las personas que se a\u00edslan en centros extrahospitalarios\u201d.<\/em><\/p>\n<p>Quienes\u00a0se suman al programa perciben el beneficio 72 horas despu\u00e9s de ser dados de alta. El subsidio se les deposita en una cuenta del Banco Provincia de Buenos Aires. En caso de que el paciente ya la tenga podr\u00e1 utilizarla, de lo contrario, el ministerio de Salud bonaerense se encarga de abrirle una para tal fin. Quienes necesiten realizar consultas sobre las cuentas o el pago de este subsidio pueden llamar al tel\u00e9fono\u00a0<strong>+54 9 11 2638-3660.<\/strong><\/p>\n<p>El 22 de julio pasado, el gobernador de la Provincia de Buenos Aires, Axel Kicillof, present\u00f3 el programa Acompa\u00f1ar junto al ministro de Salud de la Naci\u00f3n, Gin\u00e9s Gonz\u00e1lez Garc\u00eda y su par bonaerense, Daniel Gollan en Tecn\u00f3polis, el mayor centro extrahospitalario del programa, preparado para el aislamiento \u00a0de hasta 2 mil personas con el personal necesario para dar atenci\u00f3n sanitaria, social y psicol\u00f3gica. En territorio bonaerense hoy funcionan 216 de estos centros que disponen de un total de 16.505 camas para pacientes leves de COVID-19.<\/p>\n<p>Cuando se lanz\u00f3 el programa, el ministro de Salud, Daniel Gollan, explic\u00f3 que el beneficio constituye \u00a0<em>\u201cun incentivo para que la mayor cantidad de gente posible pueda cursar su aislamiento en estos establecimientos en los que hay un absoluto respeto por la dignidad humana y un tratamiento integral\u201d.<\/em><\/p>\n<p>El gobernador Kicillof, por su parte, hab\u00eda dicho que se trata de <em>\u201cuna decisi\u00f3n que hace presente al Estado para generar igualdad y brindar un lugar de aislamiento a las personas que por diversas razones no pueden cumplirlo en sus casas, y una respuesta sanitaria efectiva para tener el menor n\u00famero de contagios posible\u201d.<\/em><\/p>\n<p>&nbsp;<\/p>\n<p>&nbsp;<\/p>\n","protected":false},"excerpt":{"rendered":"<p>&nbsp; Son los que eligen aislarse en centros extrahospitalarios para evitar contagiar a familiares y contactos estrechos. En total, el<\/p>\n","protected":false},"author":1,"featured_media":36668,"comment_status":"closed","ping_status":"closed","sticky":false,"template":"","format":"standard","meta":{"kia_subtitle":"","footnotes":"","jetpack_publicize_message":"","jetpack_publicize_feature_enabled":true,"jetpack_social_post_already_shared":true,"jetpack_social_options":{"image_generator_settings":{"template":"highway","default_image_id":0,"font":"","enabled":false},"version":2}},"categories":[3,56],"tags":[],"class_list":["post-36667","post","type-post","status-publish","format-standard","has-post-thumbnail","hentry","category-actualidad","category-buenos-aires"],"jetpack_publicize_connections":[],"jetpack_featured_media_url":"https:\/\/laurbedigital.com.ar\/noticias\/wp-content\/uploads\/2020\/09\/20200929-gollan.jpg","_links":{"self":[{"href":"https:\/\/laurbedigital.com.ar\/noticias\/wp-json\/wp\/v2\/posts\/36667","targetHints":{"allow":["GET"]}}],"collection":[{"href":"https:\/\/laurbedigital.com.ar\/noticias\/wp-json\/wp\/v2\/posts"}],"about":[{"href":"https:\/\/laurbedigital.com.ar\/noticias\/wp-json\/wp\/v2\/types\/post"}],"author":[{"embeddable":true,"href":"https:\/\/laurbedigital.com.ar\/noticias\/wp-json\/wp\/v2\/users\/1"}],"replies":[{"embeddable":true,"href":"https:\/\/laurbedigital.com.ar\/noticias\/wp-json\/wp\/v2\/comments?post=36667"}],"version-history":[{"count":1,"href":"https:\/\/laurbedigital.com.ar\/noticias\/wp-json\/wp\/v2\/posts\/36667\/revisions"}],"predecessor-version":[{"id":36669,"href":"https:\/\/laurbedigital.com.ar\/noticias\/wp-json\/wp\/v2\/posts\/36667\/revisions\/36669"}],"wp:featuredmedia":[{"embeddable":true,"href":"https:\/\/laurbedigital.com.ar\/noticias\/wp-json\/wp\/v2\/media\/36668"}],"wp:attachment":[{"href":"https:\/\/laurbedigital.com.ar\/noticias\/wp-json\/wp\/v2\/media?parent=36667"}],"wp:term":[{"taxonomy":"category","embeddable":true,"href":"https:\/\/laurbedigital.com.ar\/noticias\/wp-json\/wp\/v2\/categories?post=36667"},{"taxonomy":"post_tag","embeddable":true,"href":"https:\/\/laurbedigital.com.ar\/noticias\/wp-json\/wp\/v2\/tags?post=36667"}],"curies":[{"name":"wp","href":"https:\/\/api.w.org\/{rel}","templated":true}]}}