{"id":36664,"date":"2020-09-29T12:50:04","date_gmt":"2020-09-29T15:50:04","guid":{"rendered":"https:\/\/laurbedigital.com.ar\/noticias\/?p=36664"},"modified":"2020-09-29T12:50:04","modified_gmt":"2020-09-29T15:50:04","slug":"kicillof-recibio-al-primer-buque-que-realiza-un-servicio-de-importacion-y-exportacion-desde-el-puerto-de-la-plata-hacia-china","status":"publish","type":"post","link":"https:\/\/laurbedigital.com.ar\/noticias\/2020\/09\/29\/kicillof-recibio-al-primer-buque-que-realiza-un-servicio-de-importacion-y-exportacion-desde-el-puerto-de-la-plata-hacia-china\/","title":{"rendered":"Kicillof recibi\u00f3 al primer buque que realiza un servicio de importaci\u00f3n y exportaci\u00f3n desde el puerto de La Plata hacia China"},"content":{"rendered":"<p>&nbsp;<\/p>\n<h5>El Gobernador recibi\u00f3 este martes en la terminal de Berisso al buque que realiza por primera vez un servicio de importaci\u00f3n y exportaci\u00f3n desde el Puerto de La Plata con destino Asia.<\/h5>\n<p>El gobernador de la provincia de Buenos Aires, Axel Kicillof, recibi\u00f3 este martes en la terminal de Berisso al buque que realiza por primera vez un servicio de importaci\u00f3n y exportaci\u00f3n desde el Puerto de La Plata con destino Asia. Estuvo acompa\u00f1ado por el intendente de Berisso, Fabi\u00e1n Cagliardi, el ministro de Producci\u00f3n, Ciencia e Innovaci\u00f3n Tecnol\u00f3gica, Augusto Costa, y el presidente de la empresa operadora de la terminal de contenedores TecPlata, Bruno Porchietto.<\/p>\n<p><em>\u201cNecesitamos poner a funcionar este puerto con toda su capacidad\u201d, expres\u00f3 Kicillof tras el arribo del buque con una carga de repuestos de autom\u00f3viles proveniente de China que volver\u00e1 a partir rumbo a ese pa\u00eds con dos contenedores de carne para exportaci\u00f3n del frigor\u00edfico Gorina. \u201cSu infraestructura es moderna y tiene una gran capacidad operativa y tecnol\u00f3gica\u201d,<\/em> enfatiz\u00f3.<\/p>\n<p>Asimismo, el Gobernador indic\u00f3 que<em> \u201ces un proyecto que todav\u00eda requiere inversiones importantes en infraestructura para sus accesos y la Provincia decidi\u00f3 que va a trabajar en esa direcci\u00f3n junto a los municipios de Berisso y Ensenada y la empresa\u201d.<\/em><\/p>\n<p>En ese sentido, Cagliardi remarc\u00f3: <em>\u201cEste respaldo y compromiso de la Provincia es muy importante. Nosotros necesitamos de este puerto como fuente de trabajo y a trav\u00e9s de la coordinaci\u00f3n con la Provincia y la Naci\u00f3n puede seguir creciendo cada d\u00eda m\u00e1s\u201d.<\/em><\/p>\n<p><em>\u201cNos propusimos que todos los puertos de la Provincia crezcan, se desarrollen y exploten su potencial, con la creaci\u00f3n de puestos de trabajo que implica. Ese es el compromiso de nuestra gesti\u00f3n\u201d,<\/em> subray\u00f3 Costa.<\/p>\n<p>Por su parte, Porchietto se\u00f1al\u00f3: <em>\u201cEs un hito muy importante para la terminal, es la primera vez que el puerto de La Plata se conecta con China. La apertura de este nuevo servicio permitir\u00e1 que la terminal se desarrolle y crezca con nuevas oportunidades\u201d.<\/em><\/p>\n<p>Finalmente, Kicillof concluy\u00f3: <em>\u201cNo tengo dudas de que este puerto va a ser uno de los m\u00e1s importantes de la Provincia y el pa\u00eds, simplemente faltaba la decisi\u00f3n pol\u00edtica\u201d.<\/em><\/p>\n<p>&nbsp;<\/p>\n<p>&nbsp;<\/p>\n","protected":false},"excerpt":{"rendered":"<p>&nbsp; El Gobernador recibi\u00f3 este martes en la terminal de Berisso al buque que realiza por primera vez un servicio<\/p>\n","protected":false},"author":1,"featured_media":36665,"comment_status":"closed","ping_status":"closed","sticky":false,"template":"","format":"standard","meta":{"kia_subtitle":"","footnotes":"","jetpack_publicize_message":"","jetpack_publicize_feature_enabled":true,"jetpack_social_post_already_shared":true,"jetpack_social_options":{"image_generator_settings":{"template":"highway","default_image_id":0,"font":"","enabled":false},"version":2}},"categories":[13,239,40],"tags":[],"class_list":["post-36664","post","type-post","status-publish","format-standard","has-post-thumbnail","hentry","category-region","category-berisso","category-provincia"],"jetpack_publicize_connections":[],"jetpack_featured_media_url":"https:\/\/laurbedigital.com.ar\/noticias\/wp-content\/uploads\/2020\/09\/20200929-kicillof-buque-la-plata-china.jpg","_links":{"self":[{"href":"https:\/\/laurbedigital.com.ar\/noticias\/wp-json\/wp\/v2\/posts\/36664","targetHints":{"allow":["GET"]}}],"collection":[{"href":"https:\/\/laurbedigital.com.ar\/noticias\/wp-json\/wp\/v2\/posts"}],"about":[{"href":"https:\/\/laurbedigital.com.ar\/noticias\/wp-json\/wp\/v2\/types\/post"}],"author":[{"embeddable":true,"href":"https:\/\/laurbedigital.com.ar\/noticias\/wp-json\/wp\/v2\/users\/1"}],"replies":[{"embeddable":true,"href":"https:\/\/laurbedigital.com.ar\/noticias\/wp-json\/wp\/v2\/comments?post=36664"}],"version-history":[{"count":1,"href":"https:\/\/laurbedigital.com.ar\/noticias\/wp-json\/wp\/v2\/posts\/36664\/revisions"}],"predecessor-version":[{"id":36666,"href":"https:\/\/laurbedigital.com.ar\/noticias\/wp-json\/wp\/v2\/posts\/36664\/revisions\/36666"}],"wp:featuredmedia":[{"embeddable":true,"href":"https:\/\/laurbedigital.com.ar\/noticias\/wp-json\/wp\/v2\/media\/36665"}],"wp:attachment":[{"href":"https:\/\/laurbedigital.com.ar\/noticias\/wp-json\/wp\/v2\/media?parent=36664"}],"wp:term":[{"taxonomy":"category","embeddable":true,"href":"https:\/\/laurbedigital.com.ar\/noticias\/wp-json\/wp\/v2\/categories?post=36664"},{"taxonomy":"post_tag","embeddable":true,"href":"https:\/\/laurbedigital.com.ar\/noticias\/wp-json\/wp\/v2\/tags?post=36664"}],"curies":[{"name":"wp","href":"https:\/\/api.w.org\/{rel}","templated":true}]}}