{"id":36571,"date":"2020-09-28T10:42:26","date_gmt":"2020-09-28T13:42:26","guid":{"rendered":"https:\/\/laurbedigital.com.ar\/noticias\/?p=36571"},"modified":"2020-09-28T10:42:26","modified_gmt":"2020-09-28T13:42:26","slug":"larroque-atribuyo-a-algunas-organizaciones-la-intencion-de-llevar-la-situacion-a-la-violencia","status":"publish","type":"post","link":"https:\/\/laurbedigital.com.ar\/noticias\/2020\/09\/28\/larroque-atribuyo-a-algunas-organizaciones-la-intencion-de-llevar-la-situacion-a-la-violencia\/","title":{"rendered":"Larroque atribuy\u00f3 a \u00abalgunas organizaciones\u00bb la intenci\u00f3n de \u00abllevar la situaci\u00f3n a la violencia\u00bb"},"content":{"rendered":"<p>&nbsp;<\/p>\n<h5>El ministro de Desarrollo de la Comunidad de la provincia de Buenos Aires, Andr\u00e9s Larroque, advirti\u00f3 hoy del \u00abpeligro\u00bb que representa que se impida el ingreso de asistencia del Gobierno bonaerense a las familias que ocupan el predio de Guernica, en el partido bonaerense de Presidente Per\u00f3n y atribuy\u00f3 esa decisi\u00f3n a \u00abalgunas organizaciones\u00bb que parecen \u00abquerer llevar la situaci\u00f3n a la violencia\u00bb.<\/h5>\n<p><em>\u00abAyer ten\u00edamos planteada una intervenci\u00f3n para las personas que est\u00e1n en la toma con agua, alcohol en gel, agua, alimentos, frazadas y barbijos\u00bb,<\/em> dijo Larroque y habl\u00f3 de \u00abuna suerte de piquete de organizaciones\u00bb para impedir el ingreso de los funcionarios y la asistencia.<\/p>\n<p><em>\u00abPor un lado, piden intervenci\u00f3n y asistencia del Estado, pero por el otro lo niegan\u00bb, asever\u00f3 Laroque en declaraciones a El Destape Radio, y consider\u00f3 que la actitud que tuvieron fue \u00abpeligrosa\u00bb, teniendo en cuenta que est\u00e1n \u00abcontrarreloj para el desalojo\u00bb,<\/em> que tras la postergaci\u00f3n concedida por la Justicia a pedido del Gobierno bonaerense, est\u00e1 previsto para el 1 de octubre.<\/p>\n<p><em>\u00abLogramos ganar tiempo, frenar el desalojo y buscar una soluci\u00f3n pac\u00edfica pero esto lo impide\u00bb,<\/em> indic\u00f3 el funcionario quien present\u00f3 ante el juez de la causa, Mart\u00edn Rizzo, un pedido para prorrogar el desalojo de los terrenos, lo que fue concedido hasta el 1 de octubre pr\u00f3ximo.<\/p>\n<p><em>\u00abEstas organizaciones se est\u00e1n arrogando la representaci\u00f3n del conjunto de personas que est\u00e1 en la toma\u00bb,<\/em> dijo y advirti\u00f3 que esas organizaciones que impidieron ayer la asistencia <em>\u00abno tienen en cuenta las necesidades de la gente y los riesgos que tienen las personas que hay en la toma\u00bb.<\/em><\/p>\n<p><em>\u00abTrabajamos para resolver la toma pero tambi\u00e9n el h\u00e1bitat en general\u00bb,<\/em> afirm\u00f3 el funcionario bonaerense, y agreg\u00f3 que entre las organizaciones que realizan estas acciones de impedimiento de asistencia est\u00e1 \u00abel Polo Obrero pero tambi\u00e9n el MTR, un sector vinculado a Humberto Tumini\u00bb.<\/p>\n<p><em>\u00abImpidieron el ingreso del Estado, pero permitieron el ingreso de dirigentes de izquierda para hacer discursos. Es contradictorio\u00bb,<\/em> enfatiz\u00f3.<\/p>\n<p><em>\u00abHay organizaciones que declaran que el Estado es el enemigo, pero este Estado tiene una vocaci\u00f3n de poder resolver los problemas de fondo\u00bb,<\/em> dijo y precis\u00f3 que <em>\u00abhay soluciones transitorias y de fondo\u00bb<\/em> y se est\u00e1 <em>\u00abtrabajando en eso\u00bb.<\/em><\/p>\n<p>Record\u00f3 que <em>\u00abla decisi\u00f3n de desalojo la toma otro poder, que es la Justicia\u00bb y afirm\u00f3: \u00abNo depende de nosotros, que buscamos una soluci\u00f3n antes del jueves\u00bb.<\/em><\/p>\n<p><em>\u00abLa soluci\u00f3n es la reubicaci\u00f3n de todas las familias. La mayor\u00eda son de Presidente Per\u00f3n, de barrios con otras problem\u00e1ticas\u00bb,<\/em> revel\u00f3.<\/p>\n<p>Precis\u00f3 que <em>\u00abel juez dej\u00f3 taxativamente expresado que el plazo del jueves es inamovible\u00bb<\/em> y que as\u00ed se les transmiti\u00f3 a las organizaciones.<\/p>\n<p><em>\u00abNos impidieron el paso un grupo, un sector, pero queremos hacerles llegar el mensaje a todas las familias que est\u00e1n en el lugar: no queremos un desalojo violento\u00bb,<\/em> dijo Larroque al advertir que existen <em>\u00abalgunas organizaciones que quieren llevar la situaci\u00f3n a la violencia\u00bb.<\/em><\/p>\n<p><em>\u00abEs muy puntual lo que sucede en Guernica\u00bb,<\/em> dijo y reiter\u00f3 que<em> \u00abel juez autoriz\u00f3 a intervenir en el proceso\u00bb<\/em> al Gobierno bonaerense, pero insisti\u00f3 con que \u00abel que decide el desalojo es el Poder Judicial\u00bb.<\/p>\n<p>&nbsp;<\/p>\n<p>&nbsp;<\/p>\n","protected":false},"excerpt":{"rendered":"<p>&nbsp; El ministro de Desarrollo de la Comunidad de la provincia de Buenos Aires, Andr\u00e9s Larroque, advirti\u00f3 hoy del \u00abpeligro\u00bb<\/p>\n","protected":false},"author":1,"featured_media":36572,"comment_status":"closed","ping_status":"closed","sticky":false,"template":"","format":"standard","meta":{"kia_subtitle":"","footnotes":"","jetpack_publicize_message":"","jetpack_publicize_feature_enabled":true,"jetpack_social_post_already_shared":true,"jetpack_social_options":{"image_generator_settings":{"template":"highway","default_image_id":0,"font":"","enabled":false},"version":2}},"categories":[13,244],"tags":[],"class_list":["post-36571","post","type-post","status-publish","format-standard","has-post-thumbnail","hentry","category-region","category-presidente-peron"],"jetpack_publicize_connections":[],"jetpack_featured_media_url":"https:\/\/laurbedigital.com.ar\/noticias\/wp-content\/uploads\/2020\/09\/20200928-guernica.jpg","_links":{"self":[{"href":"https:\/\/laurbedigital.com.ar\/noticias\/wp-json\/wp\/v2\/posts\/36571","targetHints":{"allow":["GET"]}}],"collection":[{"href":"https:\/\/laurbedigital.com.ar\/noticias\/wp-json\/wp\/v2\/posts"}],"about":[{"href":"https:\/\/laurbedigital.com.ar\/noticias\/wp-json\/wp\/v2\/types\/post"}],"author":[{"embeddable":true,"href":"https:\/\/laurbedigital.com.ar\/noticias\/wp-json\/wp\/v2\/users\/1"}],"replies":[{"embeddable":true,"href":"https:\/\/laurbedigital.com.ar\/noticias\/wp-json\/wp\/v2\/comments?post=36571"}],"version-history":[{"count":1,"href":"https:\/\/laurbedigital.com.ar\/noticias\/wp-json\/wp\/v2\/posts\/36571\/revisions"}],"predecessor-version":[{"id":36573,"href":"https:\/\/laurbedigital.com.ar\/noticias\/wp-json\/wp\/v2\/posts\/36571\/revisions\/36573"}],"wp:featuredmedia":[{"embeddable":true,"href":"https:\/\/laurbedigital.com.ar\/noticias\/wp-json\/wp\/v2\/media\/36572"}],"wp:attachment":[{"href":"https:\/\/laurbedigital.com.ar\/noticias\/wp-json\/wp\/v2\/media?parent=36571"}],"wp:term":[{"taxonomy":"category","embeddable":true,"href":"https:\/\/laurbedigital.com.ar\/noticias\/wp-json\/wp\/v2\/categories?post=36571"},{"taxonomy":"post_tag","embeddable":true,"href":"https:\/\/laurbedigital.com.ar\/noticias\/wp-json\/wp\/v2\/tags?post=36571"}],"curies":[{"name":"wp","href":"https:\/\/api.w.org\/{rel}","templated":true}]}}