{"id":36317,"date":"2020-09-24T13:27:49","date_gmt":"2020-09-24T16:27:49","guid":{"rendered":"https:\/\/laurbedigital.com.ar\/noticias\/?p=36317"},"modified":"2020-09-24T13:27:49","modified_gmt":"2020-09-24T16:27:49","slug":"comienza-en-el-cck-el-ciclo-ofrendas-musicales-grabado-bajo-estrictos-protocolos","status":"publish","type":"post","link":"https:\/\/laurbedigital.com.ar\/noticias\/2020\/09\/24\/comienza-en-el-cck-el-ciclo-ofrendas-musicales-grabado-bajo-estrictos-protocolos\/","title":{"rendered":"Comienza en el CCK el ciclo \u00abOfrendas musicales\u00bb, grabado bajo estrictos protocolos"},"content":{"rendered":"<p>&nbsp;<\/p>\n<h5>En el ciclo, int\u00e9rpretes musicales argentinos regresan a los escenarios del Auditorio Nacional del Centro Cultural Kirchner.<\/h5>\n<p>En el marco de \u201cOfrendas musicales\u201d, ciclo que marca el regreso de int\u00e9rpretes musicales argentinos a los escenarios y desde el Auditorio Nacional del Centro Cultural Kirchner (CCK), este fin de semana habr\u00e1 dos nuevos estrenos.<\/p>\n<p><strong>El d\u00fao integrado por Cecilia Isas (viol\u00edn) y Alan Kwiek (piano)<\/strong>, interpretar\u00e1 el primer movimiento, allegro con br\u00edo, de la \u201cSonata para viol\u00edn y piano en do menor n\u00b0 7, op. 30 n\u00b0 2\u201d, de Ludwig van Beethoven, a 250 a\u00f1os del nacimiento del compositor. Podr\u00e1 ser visto desde este s\u00e1bado a las 20.<\/p>\n<p>El\u00a0<strong>s\u00e1bado 26, tambi\u00e9n a las 20<\/strong>, por su parte, Iv\u00e1n Rutkauskas y Marcelo Ayub interpretar\u00e1n \u201cVariaciones sobre un tema de Paganini\u201d del compositor polaco Witold Lutoslawski (1913-1994), en la versi\u00f3n original del autor para dos pianos.<\/p>\n<p>Grabados durante el pasado agosto a puertas cerradas y siguiendo los m\u00e1s estrictos protocolos de seguridad, higiene y distanciamiento social,\u00a0<strong>los registros se podr\u00e1n disfrutar a trav\u00e9s de todas las redes del Centro Cultural: Facebook, Instagram, su canal de YouTube y la p\u00e1gina web<\/strong>\u00a0<a href=\"http:\/\/www.cck.gob.ar\/\" target=\"_blank\" rel=\"noopener noreferrer\">www.cck.gob.ar<\/a>.<\/p>\n<p>El ciclo propone un recorrido por m\u00fasica del barroco a la actualidad, en formatos de c\u00e1mara y por reconocidos int\u00e9rpretes.<\/p>\n<p>&nbsp;<\/p>\n<p>&nbsp;<\/p>\n","protected":false},"excerpt":{"rendered":"<p>&nbsp; En el ciclo, int\u00e9rpretes musicales argentinos regresan a los escenarios del Auditorio Nacional del Centro Cultural Kirchner. En el<\/p>\n","protected":false},"author":1,"featured_media":36318,"comment_status":"closed","ping_status":"closed","sticky":false,"template":"","format":"standard","meta":{"kia_subtitle":"","footnotes":"","jetpack_publicize_message":"","jetpack_publicize_feature_enabled":true,"jetpack_social_post_already_shared":true,"jetpack_social_options":{"image_generator_settings":{"template":"highway","default_image_id":0,"font":"","enabled":false},"version":2}},"categories":[5],"tags":[],"class_list":["post-36317","post","type-post","status-publish","format-standard","has-post-thumbnail","hentry","category-cultura"],"jetpack_publicize_connections":[],"jetpack_featured_media_url":"https:\/\/laurbedigital.com.ar\/noticias\/wp-content\/uploads\/2020\/09\/20200924-cck.jpg","_links":{"self":[{"href":"https:\/\/laurbedigital.com.ar\/noticias\/wp-json\/wp\/v2\/posts\/36317","targetHints":{"allow":["GET"]}}],"collection":[{"href":"https:\/\/laurbedigital.com.ar\/noticias\/wp-json\/wp\/v2\/posts"}],"about":[{"href":"https:\/\/laurbedigital.com.ar\/noticias\/wp-json\/wp\/v2\/types\/post"}],"author":[{"embeddable":true,"href":"https:\/\/laurbedigital.com.ar\/noticias\/wp-json\/wp\/v2\/users\/1"}],"replies":[{"embeddable":true,"href":"https:\/\/laurbedigital.com.ar\/noticias\/wp-json\/wp\/v2\/comments?post=36317"}],"version-history":[{"count":1,"href":"https:\/\/laurbedigital.com.ar\/noticias\/wp-json\/wp\/v2\/posts\/36317\/revisions"}],"predecessor-version":[{"id":36319,"href":"https:\/\/laurbedigital.com.ar\/noticias\/wp-json\/wp\/v2\/posts\/36317\/revisions\/36319"}],"wp:featuredmedia":[{"embeddable":true,"href":"https:\/\/laurbedigital.com.ar\/noticias\/wp-json\/wp\/v2\/media\/36318"}],"wp:attachment":[{"href":"https:\/\/laurbedigital.com.ar\/noticias\/wp-json\/wp\/v2\/media?parent=36317"}],"wp:term":[{"taxonomy":"category","embeddable":true,"href":"https:\/\/laurbedigital.com.ar\/noticias\/wp-json\/wp\/v2\/categories?post=36317"},{"taxonomy":"post_tag","embeddable":true,"href":"https:\/\/laurbedigital.com.ar\/noticias\/wp-json\/wp\/v2\/tags?post=36317"}],"curies":[{"name":"wp","href":"https:\/\/api.w.org\/{rel}","templated":true}]}}