{"id":3596,"date":"2016-05-26T17:24:33","date_gmt":"2016-05-26T20:24:33","guid":{"rendered":"http:\/\/laurbedigital.com.ar\/noticias\/?p=3596"},"modified":"2016-05-26T18:36:01","modified_gmt":"2016-05-26T21:36:01","slug":"macri-recorto-880-millones-de-pesos-a-universidades-publicas","status":"publish","type":"post","link":"https:\/\/laurbedigital.com.ar\/noticias\/2016\/05\/26\/macri-recorto-880-millones-de-pesos-a-universidades-publicas\/","title":{"rendered":"El gobierno nacional recort\u00f3 880 millones de pesos a universidades p\u00fablicas"},"content":{"rendered":"<p>La FUBA manifest\u00f3 su preocupaci\u00f3n por la medida que le saca fondos a la educaci\u00f3n y los env\u00eda a las provincias.<\/p>\n<p>El presidente Mauricio Macri recort\u00f3 800 millones de pesos que estaban destinados a universidades p\u00fablicas y otras instituciones y los transfiri\u00f3 a varias provincias para sus gastos corrientes.<\/p>\n<p>\u201cNo estamos en contra de que se incremente el presupuesto a las provincias, pero no puede ser a costa de reducirlo en las universidades p\u00fablicas\u201d, dijeron desde la FUBA tras manifestar su preocupaci\u00f3n por la medida.<\/p>\n<p>La decisi\u00f3n, publicada en el Bolet\u00edn Oficial, fue ejecutada por la Jefatura de Gabinete y consisti\u00f3 en tomar un total de 878.877.000 pesos del Tesoro Nacional destinados para la educaci\u00f3n y la cultura con el objetivo de reasignarlos al programa de asistencia financiera y al subprograma de asistencia social de las provincias.<\/p>\n<p>De esos fondos, 760,4 millones eran destinados a instituciones provinciales y municipales; 97 millones a instituciones de ense\u00f1anza; 88,7 millones a instituciones culturales y sociedades sin fines de lucro; 65,7 millones a las universidades nacionales; y 7,5 a empresas privadas (sin especificar cu\u00e1les ni en qu\u00e9 concepto).<\/p>\n<p>Tras conocer la medida, el presidente de la Federaci\u00f3n Universitaria de Buenos Aires (FUBA), Adri\u00e1n Lutvak, manifest\u00f3 su preocupaci\u00f3n. \u201cNo estamos en contra de que se incremente el presupuesto a las provincias, pero no puede ser a costa de reducirlo en las universidades p\u00fablicas\u201d, remarc\u00f3 el dirigente estudiantil.<\/p>\n","protected":false},"excerpt":{"rendered":"<p>La FUBA manifest\u00f3 su preocupaci\u00f3n por la medida que le saca fondos a la educaci\u00f3n y los env\u00eda a las<\/p>\n","protected":false},"author":1,"featured_media":3597,"comment_status":"closed","ping_status":"closed","sticky":false,"template":"","format":"standard","meta":{"kia_subtitle":"","footnotes":"","jetpack_publicize_message":"","jetpack_publicize_feature_enabled":true,"jetpack_social_post_already_shared":true,"jetpack_social_options":{"image_generator_settings":{"template":"highway","default_image_id":0,"font":"","enabled":false},"version":2}},"categories":[3,41],"tags":[],"class_list":["post-3596","post","type-post","status-publish","format-standard","has-post-thumbnail","hentry","category-actualidad","category-nacionales"],"jetpack_publicize_connections":[],"jetpack_featured_media_url":"https:\/\/laurbedigital.com.ar\/noticias\/wp-content\/uploads\/2016\/05\/20160526-nac3.jpg","_links":{"self":[{"href":"https:\/\/laurbedigital.com.ar\/noticias\/wp-json\/wp\/v2\/posts\/3596","targetHints":{"allow":["GET"]}}],"collection":[{"href":"https:\/\/laurbedigital.com.ar\/noticias\/wp-json\/wp\/v2\/posts"}],"about":[{"href":"https:\/\/laurbedigital.com.ar\/noticias\/wp-json\/wp\/v2\/types\/post"}],"author":[{"embeddable":true,"href":"https:\/\/laurbedigital.com.ar\/noticias\/wp-json\/wp\/v2\/users\/1"}],"replies":[{"embeddable":true,"href":"https:\/\/laurbedigital.com.ar\/noticias\/wp-json\/wp\/v2\/comments?post=3596"}],"version-history":[{"count":2,"href":"https:\/\/laurbedigital.com.ar\/noticias\/wp-json\/wp\/v2\/posts\/3596\/revisions"}],"predecessor-version":[{"id":3605,"href":"https:\/\/laurbedigital.com.ar\/noticias\/wp-json\/wp\/v2\/posts\/3596\/revisions\/3605"}],"wp:featuredmedia":[{"embeddable":true,"href":"https:\/\/laurbedigital.com.ar\/noticias\/wp-json\/wp\/v2\/media\/3597"}],"wp:attachment":[{"href":"https:\/\/laurbedigital.com.ar\/noticias\/wp-json\/wp\/v2\/media?parent=3596"}],"wp:term":[{"taxonomy":"category","embeddable":true,"href":"https:\/\/laurbedigital.com.ar\/noticias\/wp-json\/wp\/v2\/categories?post=3596"},{"taxonomy":"post_tag","embeddable":true,"href":"https:\/\/laurbedigital.com.ar\/noticias\/wp-json\/wp\/v2\/tags?post=3596"}],"curies":[{"name":"wp","href":"https:\/\/api.w.org\/{rel}","templated":true}]}}