{"id":3593,"date":"2016-05-26T16:27:06","date_gmt":"2016-05-26T19:27:06","guid":{"rendered":"http:\/\/laurbedigital.com.ar\/noticias\/?p=3593"},"modified":"2016-05-26T16:27:06","modified_gmt":"2016-05-26T19:27:06","slug":"agenda-cultural-para-este-fin-de-semana-en-almirante-brown","status":"publish","type":"post","link":"https:\/\/laurbedigital.com.ar\/noticias\/2016\/05\/26\/agenda-cultural-para-este-fin-de-semana-en-almirante-brown\/","title":{"rendered":"Agenda cultural para este fin de semana en Almirante Brown"},"content":{"rendered":"<p>Un encuentro de escritores del Conurbano bonaerense, obras de teatro, clases abiertas de danzas, un homenaje al recordador director cinematogr\u00e1fico y cantautor Leonardo Favio, la presenci\u00f3n de una orquesta con un repertorio de diversos ritmos populares y un espect\u00e1culo para los m\u00e1s chicos, integran las variadas propuestas culturales del Municipio que conduce el intendente Mariano Cascallares para este fin de semana.<\/p>\n<p>De acuerdo con la programaci\u00f3n del Instituto Municipal de las Culturas, se prev\u00e9n las siguientes actividades.<\/p>\n<p>Casa Municipal de la Cultura (Esteban Adrogu\u00e9 1224, Adrogu\u00e9).<br \/>\nTANGO Y MILONGA<br \/>\nTodos los jueves clases abiertas de tango y milonga. La propuesta es\u00a0 \u201cPa que bailen los muchachos\u201d a cargo de la profesora Mar\u00eda Fernanda Carrizo a las 19 en la Casa Municipal\u00a0 de la Cultura.<\/p>\n<p>MONTAJE TEATRAL<br \/>\nLos jueves de este mes se desarrolla el Taller de Montaje Teatral, dirigido a directores, actores y alumnos avanzados, a cargo deZulema Oz\u00f2n. Ser\u00e1 en la Sala Hugo del Carril a las 18 en la Casa de la Cultura.<\/p>\n<p>DANZAS FOLCLORICAS<br \/>\nEste viernes 19 a 21 se llevar\u00e1\u00a0 a cabo la clase abierta de Danzas Folcl\u00f3ricas a cargo del profesor Dennis Rolando, en la Casa de la Cultura.<\/p>\n<p>QUINTO ENCUENTRO DE ESCRITORES DEL CONURBANO<br \/>\nEste viernes 27 de mayo, de 14 a 20,\u00a0 se\u00a0 ralizar\u00e1 el Quinto encuentro de Escritores de Almirante Brown en la Casa de la Cultura. Se trata de una reuni\u00f3n de escritores de todo el conurbano bonaerense, donde se realizan presentaciones de sus \u00faltimos libros y se tratan problem\u00e1ticas como derechos de autor, divulgaci\u00f3n y edici\u00f3n de su material. La actividad est\u00e1 organizada por la Sociedad Argentina de Escritores (SADE) Filial Almirante Brown y la colaboraci\u00f3n del Instituto Municipal de las Culturas. En la lista de actividades est\u00e1 prevista tambi\u00e9n la realizaci\u00f3n de una mesa de debate para el intercambio de opiniones con todos los escritores presentes, adem\u00e1s de la difusi\u00f3n del cronograma de eventos en todas las filiales. Como es costumbre desde hace a\u00f1os, el encuentro contar\u00e1 con la presencia del presidente de SADE Central y Vicepresidente de la Fundaci\u00f3n \u00abEl Libro\u00bb, Alejandro Vaccaro.<\/p>\n<p>Fundaci\u00f3n Soldi (Obligado y Gorriti, Glew)<br \/>\nTEATRO EN GLEW<br \/>\nEste s\u00e1bado 28\u00a0 habr\u00e1 una excelente propuesta teatral en Glew. A las 19.30 llega la destacada obra \u00abGris de Ausencia\u00bb, de Roberto \u201cTito\u201d Cossa, con la direcci\u00f3n de Gabriel Gal\u00e1n. La historia de una familia argentina origen italiano que emigra a Roma\u00a0 para trabajar. All\u00ed, empiezan a asomar el sentimiento de desarraigo y el darse cuenta de que quiz\u00e1s volver a Italia no fue lo mejor. En la Fundaci\u00f3n Soldi, Gorriti y Obligado, Glw. Bono Contribuci\u00f3n $ 20-<\/p>\n<p>Casa Municipal de la Cultura (Esteban Adrogu\u00e9 1224, Adrogu\u00e9)<br \/>\nRECITAL\u00a0 DE LA ORQUESTA LA BELGRANENSE<br \/>\nPor otra parte, este s\u00e1bado,\u00a0 a las 20 en la Casa de la Cultura de Adrogu\u00e9 se estar\u00e1 presentando \u201cLa Belgranense\u201d es la banda de m\u00fasica del Colegio Manuel Belgrano de T\u00e9mperley. La componen padres, ex alumnos y amigos del Colegio, todo ellos m\u00fasicos amateurs. La formaci\u00f3n aborda un repertorio instrumental de distintos estilos como el tango, folklore, cl\u00e1sica,\u00a0 jazz y pop, entre otros.<br \/>\nLa agrupaci\u00f3n surgi\u00f3 de la iniciativa de los integrantes de la Comisi\u00f3n de Cultura de la Uni\u00f3n de Padres del Colegio en el a\u00f1o 2000. Con el tiempo se fueron sumando distintos m\u00fasicos y amigos siempre con la premisa de \u201chacer m\u00fasica\u201d para todos\u201d, lo que fue ampliando el repertorio y los conciertos en los m\u00e1s variados lugares, desde geri\u00e1tricos, instituciones p\u00fablicas, hospitales, escuelas rurales, a espect\u00e1culos p\u00fablicos, teatros y hasta eventos privados.<br \/>\n\u00abLa Belgranense\u00bb colabora con todas aquellas instituciones sociales o con fines ben\u00e9ficos que lo deseen, brindando desinteresadamente el producto de su trabajo musical. Actualmente, la banda se encuentra integrada por dieciocho m\u00fasicos estables y algunos invitados.<\/p>\n<p>Centro Disc\u00e9polo de Burzaco (E.Burzaco 740)<br \/>\nHOMENAJE A LEONARDO FAVIO EN BURZACO<br \/>\nEste s\u00e1bado,\u00a0 a las 21, el centro Disc\u00e9polo de Burzaco abre sus puertas al Homenaje a Leonardo Favio en el mes de su natalicio. En la oportunidad se proyectar\u00e1 la pel\u00edcula Nazareno Cruz y el Lobo. Posteriormente\u00a0 la licenciada Iciar Recalde\u00a0 tendr\u00e1 a su cargo una charla acerca de la vida y obra del genial cantautor y cineasta. Por su parte el cantante Alberto Giocco le pondr\u00e1 la voz a los personales temas de Favio evocando la m\u00fasica que lo hizo famoso popularmente. A una cuadra de estaci\u00f3n Burzaco, con entrada libre y gratuita.<\/p>\n<p>Casa Municipal de la Cultura (Esteban Adrogu\u00e9 1224, Adrogu\u00e9)<br \/>\nEL DOMINGO, PARA LOS M\u00c1S CHICOS<br \/>\nA partir de las 17, este domingo 29, la tarde es para la gente menuda\u00a0 con el ciclo infantil: \u201cLos Brownianitos\u201d. Para ellos Alal\u00eda Bri\u00e9 y Ernesto Arrieta van a remontar \u201cBarrilete de cuentos\u201d. Ser\u00e1 en la Sala Ra\u00fal Soldi de la Casa<br \/>\ndel a Cultura, con entrada libre y gratuita.<\/p>\n<p>TEATRO: PUENTES EN EL ESPEJO<br \/>\nAsimismo, este domingo, a las 19.30,\u00a0 se pondr\u00e1\u00a0 en escena \u00abPuentes en el espejo\u00bb, obra dram\u00e1tica de creaci\u00f3n colectiva que descubre las secuelas posibles de una infancia traum\u00e1tica y una adolescencia atravesada por los a\u00f1os de plomo. La obra fue ganadora de la Medalla de Bronce de los juegos Buenos Aires 2015. Ser\u00e1 con la direcci\u00f3n de Zulema Oz\u00f3n. En la Casa de la Cultura con entrada libre y gratuita.<\/p>\n","protected":false},"excerpt":{"rendered":"<p>Un encuentro de escritores del Conurbano bonaerense, obras de teatro, clases abiertas de danzas, un homenaje al recordador director cinematogr\u00e1fico<\/p>\n","protected":false},"author":1,"featured_media":3594,"comment_status":"closed","ping_status":"closed","sticky":false,"template":"","format":"standard","meta":{"kia_subtitle":"","footnotes":"","jetpack_publicize_message":"","jetpack_publicize_feature_enabled":true,"jetpack_social_post_already_shared":true,"jetpack_social_options":{"image_generator_settings":{"template":"highway","default_image_id":0,"font":"","enabled":false},"version":2}},"categories":[33,2],"tags":[],"class_list":["post-3593","post","type-post","status-publish","format-standard","has-post-thumbnail","hentry","category-alte-brown-alte-brown","category-alte-brown"],"jetpack_publicize_connections":[],"jetpack_featured_media_url":"https:\/\/laurbedigital.com.ar\/noticias\/wp-content\/uploads\/2016\/05\/20160526-brown1.jpg","_links":{"self":[{"href":"https:\/\/laurbedigital.com.ar\/noticias\/wp-json\/wp\/v2\/posts\/3593","targetHints":{"allow":["GET"]}}],"collection":[{"href":"https:\/\/laurbedigital.com.ar\/noticias\/wp-json\/wp\/v2\/posts"}],"about":[{"href":"https:\/\/laurbedigital.com.ar\/noticias\/wp-json\/wp\/v2\/types\/post"}],"author":[{"embeddable":true,"href":"https:\/\/laurbedigital.com.ar\/noticias\/wp-json\/wp\/v2\/users\/1"}],"replies":[{"embeddable":true,"href":"https:\/\/laurbedigital.com.ar\/noticias\/wp-json\/wp\/v2\/comments?post=3593"}],"version-history":[{"count":1,"href":"https:\/\/laurbedigital.com.ar\/noticias\/wp-json\/wp\/v2\/posts\/3593\/revisions"}],"predecessor-version":[{"id":3595,"href":"https:\/\/laurbedigital.com.ar\/noticias\/wp-json\/wp\/v2\/posts\/3593\/revisions\/3595"}],"wp:featuredmedia":[{"embeddable":true,"href":"https:\/\/laurbedigital.com.ar\/noticias\/wp-json\/wp\/v2\/media\/3594"}],"wp:attachment":[{"href":"https:\/\/laurbedigital.com.ar\/noticias\/wp-json\/wp\/v2\/media?parent=3593"}],"wp:term":[{"taxonomy":"category","embeddable":true,"href":"https:\/\/laurbedigital.com.ar\/noticias\/wp-json\/wp\/v2\/categories?post=3593"},{"taxonomy":"post_tag","embeddable":true,"href":"https:\/\/laurbedigital.com.ar\/noticias\/wp-json\/wp\/v2\/tags?post=3593"}],"curies":[{"name":"wp","href":"https:\/\/api.w.org\/{rel}","templated":true}]}}