{"id":35678,"date":"2020-09-17T11:09:35","date_gmt":"2020-09-17T14:09:35","guid":{"rendered":"https:\/\/laurbedigital.com.ar\/noticias\/?p=35678"},"modified":"2020-09-17T11:09:35","modified_gmt":"2020-09-17T14:09:35","slug":"en-la-provincia-se-conformo-la-unidad-operativa-de-plasma-de-convaleciente-del-ministerio-de-salud","status":"publish","type":"post","link":"https:\/\/laurbedigital.com.ar\/noticias\/2020\/09\/17\/en-la-provincia-se-conformo-la-unidad-operativa-de-plasma-de-convaleciente-del-ministerio-de-salud\/","title":{"rendered":"En la Provincia se conform\u00f3 la Unidad Operativa de Plasma de Convaleciente del Ministerio de Salud"},"content":{"rendered":"<p>&nbsp;<\/p>\n<h5>Fue creada por Resoluci\u00f3n ministerial y tiene entre sus funciones garantizar el acceso de plasma a todas y todos los habitantes de la Provincia.<\/h5>\n<p>La Unidad Operativa de Plasma Convaleciente de COVID-19, qued\u00f3 conformada a trav\u00e9s de la Resoluci\u00f3n 1589\/2020, y tiene como principales objetivos garantizar el acceso de plasma en tiempo y forma a las y los bonaerenses que lo necesiten; y verificar el cumplimiento del Protocolo de Uso de Plasma de Convaleciente.<\/p>\n<p>Dicha Unidad est\u00e1 integrada por la Subsecretar\u00eda de Atenci\u00f3n y Cuidados Integrales en Salud, el Instituto de Hemoterapia de la Provincia de Buenos Aires, el CUCAIBA, la Direcci\u00f3n Provincial de Hospitales y la Escuela de Gobierno en Salud \u201cFloreal Ferrara\u201d. Sus representantes, junto al equipo de trabajo que la conforma, se reunieron para informar su creaci\u00f3n de manera oficial y continuar con los encuentros de actualizaci\u00f3n de los estudios en uso de plasma.<\/p>\n<p><img loading=\"lazy\" decoding=\"async\" class=\"alignnone size-full wp-image-35683\" src=\"https:\/\/laurbedigital.com.ar\/noticias\/wp-content\/uploads\/2020\/09\/20200917-plasmas-1.jpg\" alt=\"\" width=\"800\" height=\"446\" title=\"\" srcset=\"https:\/\/laurbedigital.com.ar\/noticias\/wp-content\/uploads\/2020\/09\/20200917-plasmas-1.jpg 800w, https:\/\/laurbedigital.com.ar\/noticias\/wp-content\/uploads\/2020\/09\/20200917-plasmas-1-300x167.jpg 300w, https:\/\/laurbedigital.com.ar\/noticias\/wp-content\/uploads\/2020\/09\/20200917-plasmas-1-768x428.jpg 768w\" sizes=\"auto, (max-width: 800px) 100vw, 800px\" \/><\/p>\n<p><em>\u201cEl impulso por la aplicaci\u00f3n de plasma de convaleciente tiene un doble impacto sanitario ya que conecta su dimensi\u00f3n inmunol\u00f3gica en lo biol\u00f3gico con la dimensi\u00f3n solidaria en la sociedad\u201d,<\/em> expres\u00f3 el director de la Escuela de Gobierno, Mario Rovere.<\/p>\n<p>Entre sus funciones, la Unidad debe asesorar sobre el uso de plasma de convaleciente en el \u00e1mbito de la Provincia de Buenos Aires; dictar los documentos necesarios para el correcto funcionamiento del Protocolo ya mencionado; analizar, evaluar y monitorear de manera permanente la implementaci\u00f3n de dicho protocolo en los efectores de salud de la Provincia; informar los resultados parciales y finales obtenidos en el uso de plasma; y adoptar las medidas\u00a0 necesarias a fin de garantizar el accesode plasma en tiempo y forma a los habitantes del territorio de la Provincia.<\/p>\n<p>Los estudios realizados por el ministerio de Salud en uso de plasma de convaleciente mostraron seguridad transfusional. Desde el equipo de investigaci\u00f3n se\u00f1alaron que los resultados indican que su uso <em>\u201caporta una carga de anticuerpos que contribuir\u00eda a una evoluci\u00f3n favorable\u201d<\/em> del paciente.<\/p>\n<p>Por este motivo, las autoridades insisten en la donaci\u00f3n de quienes se hayan recuperado de COVID-19, ya que informaron que con cada donaci\u00f3n se puede ayudar en promedio a tres personas. Se trata de un acto solidario, que adem\u00e1s es r\u00e1pido, seguro e indoloro.<\/p>\n<p>El director provincial de Hospitales, Juan Riera, explic\u00f3 que<em> \u201clas condiciones de red del sistema sanitario de la Provincia es una gran ventaja que tenemos para garantizar el acceso a este recurso terap\u00e9utico\u201d.\u00a0<\/em> Y agreg\u00f3 que el uso adecuado del plasma va a\u00a0 <em>\u201cmejorar las expectativas de recuperaci\u00f3n de las personas y, en t\u00e9rminos de gesti\u00f3n sanitaria, mejorar el uso de las\u00a0 camas; es una herramienta estrat\u00e9gica en t\u00e9rminos individuales y en t\u00e9rminos colectivos\u201d.<\/em><\/p>\n<p>Desde que comenz\u00f3 a utilizarse plasma de convaleciente a mediados de mayo, en la Provincia se realizaron m\u00e1s de 1.300 donaciones y fueron transfundidos m\u00e1s de 3.200 pacientes.<\/p>\n<p>&nbsp;<\/p>\n<p>&nbsp;<\/p>\n","protected":false},"excerpt":{"rendered":"<p>&nbsp; Fue creada por Resoluci\u00f3n ministerial y tiene entre sus funciones garantizar el acceso de plasma a todas y todos<\/p>\n","protected":false},"author":1,"featured_media":35682,"comment_status":"closed","ping_status":"closed","sticky":false,"template":"","format":"standard","meta":{"kia_subtitle":"","footnotes":"","jetpack_publicize_message":"","jetpack_publicize_feature_enabled":true,"jetpack_social_post_already_shared":true,"jetpack_social_options":{"image_generator_settings":{"template":"highway","default_image_id":0,"font":"","enabled":false},"version":2}},"categories":[15,70],"tags":[],"class_list":["post-35678","post","type-post","status-publish","format-standard","has-post-thumbnail","hentry","category-tendencias","category-salud"],"jetpack_publicize_connections":[],"jetpack_featured_media_url":"https:\/\/laurbedigital.com.ar\/noticias\/wp-content\/uploads\/2020\/09\/20200917-plasmas.jpg","_links":{"self":[{"href":"https:\/\/laurbedigital.com.ar\/noticias\/wp-json\/wp\/v2\/posts\/35678","targetHints":{"allow":["GET"]}}],"collection":[{"href":"https:\/\/laurbedigital.com.ar\/noticias\/wp-json\/wp\/v2\/posts"}],"about":[{"href":"https:\/\/laurbedigital.com.ar\/noticias\/wp-json\/wp\/v2\/types\/post"}],"author":[{"embeddable":true,"href":"https:\/\/laurbedigital.com.ar\/noticias\/wp-json\/wp\/v2\/users\/1"}],"replies":[{"embeddable":true,"href":"https:\/\/laurbedigital.com.ar\/noticias\/wp-json\/wp\/v2\/comments?post=35678"}],"version-history":[{"count":1,"href":"https:\/\/laurbedigital.com.ar\/noticias\/wp-json\/wp\/v2\/posts\/35678\/revisions"}],"predecessor-version":[{"id":35684,"href":"https:\/\/laurbedigital.com.ar\/noticias\/wp-json\/wp\/v2\/posts\/35678\/revisions\/35684"}],"wp:featuredmedia":[{"embeddable":true,"href":"https:\/\/laurbedigital.com.ar\/noticias\/wp-json\/wp\/v2\/media\/35682"}],"wp:attachment":[{"href":"https:\/\/laurbedigital.com.ar\/noticias\/wp-json\/wp\/v2\/media?parent=35678"}],"wp:term":[{"taxonomy":"category","embeddable":true,"href":"https:\/\/laurbedigital.com.ar\/noticias\/wp-json\/wp\/v2\/categories?post=35678"},{"taxonomy":"post_tag","embeddable":true,"href":"https:\/\/laurbedigital.com.ar\/noticias\/wp-json\/wp\/v2\/tags?post=35678"}],"curies":[{"name":"wp","href":"https:\/\/api.w.org\/{rel}","templated":true}]}}