{"id":35377,"date":"2020-09-14T10:18:19","date_gmt":"2020-09-14T13:18:19","guid":{"rendered":"https:\/\/laurbedigital.com.ar\/noticias\/?p=35377"},"modified":"2020-09-14T10:18:19","modified_gmt":"2020-09-14T13:18:19","slug":"la-provincia-de-buenos-aires-suma-3-689-casos-de-coronavirus-y-alcanza-los-331-789-contagios-totales","status":"publish","type":"post","link":"https:\/\/laurbedigital.com.ar\/noticias\/2020\/09\/14\/la-provincia-de-buenos-aires-suma-3-689-casos-de-coronavirus-y-alcanza-los-331-789-contagios-totales\/","title":{"rendered":"La provincia de Buenos Aires suma 3.689 casos de coronavirus y alcanza los 331.789 contagios totales"},"content":{"rendered":"<p>&nbsp;<\/p>\n<h5>Los casos positivos de coronavirus en la provincia de Buenos Aires ascendieron a 331.789 tras confirmarse 3.689 nuevos contagios en las \u00faltimas 24 horas, inform\u00f3 hoy el Ministerio de Salud provincial.<\/h5>\n<p>Seg\u00fan precis\u00f3 la cartera a cargo de Daniel Gollan, se registraron 1.891 casos por cada 100.000 habitantes, en tanto que 248.892 personas ya se recuperaron y recibieron el alta.<\/p>\n<p>En el territorio bonaerense fallecieron 6.582 personas desde la llegada de la pandemia al pa\u00eds, en marzo pasado.<\/p>\n<p>Del total de contagiados, el 51% son hombres, 48,7% mujeres, y hay 0,4% <em>\u00absin datos\u00bb.<\/em><\/p>\n<p>Sobre la totalidad de los casos, el 69,4% corresponde a contagios comunitarios, mientras que 12,2% fue por contacto estrecho con casos confirmados; 11,6% est\u00e1 en investigaci\u00f3n la causa; el 5,8% corresponde a trabajadores de salud y el 0,2% son casos importados, indic\u00f3 el informe oficial.<\/p>\n<p>El porcentaje de camas de terapia intensiva de adultos ocupado en el \u00c1rea Metropolitana de Buenos Aires (AMBA) es del 68,3%, seg\u00fan se precis\u00f3.<\/p>\n<p>&nbsp;<\/p>\n<p>&nbsp;<\/p>\n","protected":false},"excerpt":{"rendered":"<p>&nbsp; Los casos positivos de coronavirus en la provincia de Buenos Aires ascendieron a 331.789 tras confirmarse 3.689 nuevos contagios<\/p>\n","protected":false},"author":1,"featured_media":35378,"comment_status":"closed","ping_status":"closed","sticky":false,"template":"","format":"standard","meta":{"kia_subtitle":"","footnotes":"","jetpack_publicize_message":"","jetpack_publicize_feature_enabled":true,"jetpack_social_post_already_shared":true,"jetpack_social_options":{"image_generator_settings":{"template":"highway","default_image_id":0,"font":"","enabled":false},"version":2}},"categories":[3,56],"tags":[],"class_list":["post-35377","post","type-post","status-publish","format-standard","has-post-thumbnail","hentry","category-actualidad","category-buenos-aires"],"jetpack_publicize_connections":[],"jetpack_featured_media_url":"https:\/\/laurbedigital.com.ar\/noticias\/wp-content\/uploads\/2020\/09\/20200914-coronavirus-provincia-de-buenos-aires.jpg","_links":{"self":[{"href":"https:\/\/laurbedigital.com.ar\/noticias\/wp-json\/wp\/v2\/posts\/35377","targetHints":{"allow":["GET"]}}],"collection":[{"href":"https:\/\/laurbedigital.com.ar\/noticias\/wp-json\/wp\/v2\/posts"}],"about":[{"href":"https:\/\/laurbedigital.com.ar\/noticias\/wp-json\/wp\/v2\/types\/post"}],"author":[{"embeddable":true,"href":"https:\/\/laurbedigital.com.ar\/noticias\/wp-json\/wp\/v2\/users\/1"}],"replies":[{"embeddable":true,"href":"https:\/\/laurbedigital.com.ar\/noticias\/wp-json\/wp\/v2\/comments?post=35377"}],"version-history":[{"count":1,"href":"https:\/\/laurbedigital.com.ar\/noticias\/wp-json\/wp\/v2\/posts\/35377\/revisions"}],"predecessor-version":[{"id":35379,"href":"https:\/\/laurbedigital.com.ar\/noticias\/wp-json\/wp\/v2\/posts\/35377\/revisions\/35379"}],"wp:featuredmedia":[{"embeddable":true,"href":"https:\/\/laurbedigital.com.ar\/noticias\/wp-json\/wp\/v2\/media\/35378"}],"wp:attachment":[{"href":"https:\/\/laurbedigital.com.ar\/noticias\/wp-json\/wp\/v2\/media?parent=35377"}],"wp:term":[{"taxonomy":"category","embeddable":true,"href":"https:\/\/laurbedigital.com.ar\/noticias\/wp-json\/wp\/v2\/categories?post=35377"},{"taxonomy":"post_tag","embeddable":true,"href":"https:\/\/laurbedigital.com.ar\/noticias\/wp-json\/wp\/v2\/tags?post=35377"}],"curies":[{"name":"wp","href":"https:\/\/api.w.org\/{rel}","templated":true}]}}