{"id":35374,"date":"2020-09-14T10:11:18","date_gmt":"2020-09-14T13:11:18","guid":{"rendered":"https:\/\/laurbedigital.com.ar\/noticias\/?p=35374"},"modified":"2020-09-14T10:11:18","modified_gmt":"2020-09-14T13:11:18","slug":"el-rol-de-pakapaka-durante-la-pandemia","status":"publish","type":"post","link":"https:\/\/laurbedigital.com.ar\/noticias\/2020\/09\/14\/el-rol-de-pakapaka-durante-la-pandemia\/","title":{"rendered":"El rol de Pakapaka durante la pandemia"},"content":{"rendered":"<p>&nbsp;<\/p>\n<p>La directora de la se\u00f1al p\u00fablica infantil Pakapaka, Cielo Salviolo, destac\u00f3 el rol desempe\u00f1ado por el canal para \u201csostener los lazos\u201d entre las infancias durante la pandemia de coronavirus y el aislamiento.<\/p>\n<p><em>\u201cEs un a\u00f1o muy complejo que nos atraves\u00f3, nos desafi\u00f3 y nos sigue desafiando todo el tiempo a reforzar los contenidos educativos y a rever nuestro rol acompa\u00f1ando a los chicos y a las chicas en pandemia\u201d,<\/em> afirm\u00f3 Salviolo, en di\u00e1logo con t\u00e9lam, a pocos d\u00edas de que se cumplan 10 a\u00f1os del lanzamiento del canal.<\/p>\n<p>En su regreso con el Gobierno de Alberto Fern\u00e1ndez -Salviolo ya hab\u00eda sido directora de Pakapaka cuando la se\u00f1al vio la luz en 2010-, la gestora cultural, consultora e investigadora en comunicaci\u00f3n e infancia tuvo que agregar a sus planes las necesidades que impuso la Covid-19.<\/p>\n<p><em>\u201cHemos hecho en todos estos meses contenidos de prevenci\u00f3n, adem\u00e1s de propuestas y actividades para hacer en casa y proyectos que ponen el eje en algo que para nosotros es clave, que es reponer lo colectivo, sostener los lazos, crear contenidos que hagan que los chicos y las chicas se encuentren con otros y otras, con sus referentes y sus familiares, como puede ser a trav\u00e9s de una receta de cocina o de un juego\u201d,<\/em> repas\u00f3.<\/p>\n<p><em>\u201cSobre todo en un a\u00f1o con aislamiento que cre\u00f3 la sensaci\u00f3n de que estamos solos, nos parece importante contarles que estamos en casa pero que hay otros y otras y que con ellos construimos\u201d,<\/em> a\u00f1adi\u00f3.<\/p>\n<p>&nbsp;<\/p>\n<p>&nbsp;<\/p>\n","protected":false},"excerpt":{"rendered":"<p>&nbsp; La directora de la se\u00f1al p\u00fablica infantil Pakapaka, Cielo Salviolo, destac\u00f3 el rol desempe\u00f1ado por el canal para \u201csostener<\/p>\n","protected":false},"author":1,"featured_media":35375,"comment_status":"closed","ping_status":"closed","sticky":false,"template":"","format":"standard","meta":{"kia_subtitle":"","footnotes":"","jetpack_publicize_message":"","jetpack_publicize_feature_enabled":true,"jetpack_social_post_already_shared":true,"jetpack_social_options":{"image_generator_settings":{"template":"highway","default_image_id":0,"font":"","enabled":false},"version":2}},"categories":[68],"tags":[],"class_list":["post-35374","post","type-post","status-publish","format-standard","has-post-thumbnail","hentry","category-cine-y-series"],"jetpack_publicize_connections":[],"jetpack_featured_media_url":"https:\/\/laurbedigital.com.ar\/noticias\/wp-content\/uploads\/2020\/09\/20200914-Pakapaka.jpg","_links":{"self":[{"href":"https:\/\/laurbedigital.com.ar\/noticias\/wp-json\/wp\/v2\/posts\/35374","targetHints":{"allow":["GET"]}}],"collection":[{"href":"https:\/\/laurbedigital.com.ar\/noticias\/wp-json\/wp\/v2\/posts"}],"about":[{"href":"https:\/\/laurbedigital.com.ar\/noticias\/wp-json\/wp\/v2\/types\/post"}],"author":[{"embeddable":true,"href":"https:\/\/laurbedigital.com.ar\/noticias\/wp-json\/wp\/v2\/users\/1"}],"replies":[{"embeddable":true,"href":"https:\/\/laurbedigital.com.ar\/noticias\/wp-json\/wp\/v2\/comments?post=35374"}],"version-history":[{"count":1,"href":"https:\/\/laurbedigital.com.ar\/noticias\/wp-json\/wp\/v2\/posts\/35374\/revisions"}],"predecessor-version":[{"id":35376,"href":"https:\/\/laurbedigital.com.ar\/noticias\/wp-json\/wp\/v2\/posts\/35374\/revisions\/35376"}],"wp:featuredmedia":[{"embeddable":true,"href":"https:\/\/laurbedigital.com.ar\/noticias\/wp-json\/wp\/v2\/media\/35375"}],"wp:attachment":[{"href":"https:\/\/laurbedigital.com.ar\/noticias\/wp-json\/wp\/v2\/media?parent=35374"}],"wp:term":[{"taxonomy":"category","embeddable":true,"href":"https:\/\/laurbedigital.com.ar\/noticias\/wp-json\/wp\/v2\/categories?post=35374"},{"taxonomy":"post_tag","embeddable":true,"href":"https:\/\/laurbedigital.com.ar\/noticias\/wp-json\/wp\/v2\/tags?post=35374"}],"curies":[{"name":"wp","href":"https:\/\/api.w.org\/{rel}","templated":true}]}}