{"id":35214,"date":"2020-09-11T10:16:45","date_gmt":"2020-09-11T13:16:45","guid":{"rendered":"https:\/\/laurbedigital.com.ar\/noticias\/?p=35214"},"modified":"2020-09-11T14:17:23","modified_gmt":"2020-09-11T17:17:23","slug":"emprendedores-autogestivos-de-almirante-brown-continuan-adelante-con-sus-proyectos","status":"publish","type":"post","link":"https:\/\/laurbedigital.com.ar\/noticias\/2020\/09\/11\/emprendedores-autogestivos-de-almirante-brown-continuan-adelante-con-sus-proyectos\/","title":{"rendered":"Emprendedores autogestivos de Almirante Brown contin\u00faan adelante con sus proyectos"},"content":{"rendered":"<h5 dir=\"auto\"><\/h5>\n<h5 dir=\"auto\">En el actual contexto de pandemia, dialogamos con Antonella Altamirano. Tiene 23 a\u00f1os, se cri\u00f3 y reside en la localidad de Glew y es emprendedora del arte macram\u00e9.<\/h5>\n<p dir=\"auto\">Su emprendimiento se llama<strong><em> \u201cArtesana Peque\u00f1a Hechicera\u201d<\/em><\/strong> y se basa en la creaci\u00f3n del arte macram\u00e9 adaptado a colgantes, gargantillas, aros y pulseras.<\/p>\n<p>La t\u00e9cnica que utiliza Antonella como artesana son los nudos son los nudos con hilo encerado ya sea dependiendo de patrones, de su memoria o imaginaci\u00f3n.<\/p>\n<p><em>\u201cEl arte del macram\u00e9 lo descubr\u00ed cuando era chiquita recorriendo ferias con mi abuela. Pero all\u00e1 por el 2015 en unas vacaciones en Merlo, San Luis con mis amigos y mi primo, lo descubr\u00ed con mis manos. Mi primo, de una caja sac\u00f3 varios hilos y se puso a hacer pulseras. Mi amigo, al igual que el, tambi\u00e9n empez\u00f3 a hacer algunas y de ah\u00ed comenz\u00f3 mi amor hacia los nudos. Muy loco\u201d,<\/em> relat\u00f3 la emprendedora.<\/p>\n<p>En cuanto a lo bueno de tener su propio proyecto, destac\u00f3 varios puntos: <em>\u201cEn primer lugar que me encanta hacer lo que descubr\u00ed un d\u00eda en una tarde de sol simple, como todas y que hoy en d\u00eda amo y no puedo parar de tejer. En segundo lugar, y como todo emprendimiento creo yo, es que soy mi propia jefa. No tengo d\u00edas, ni horarios y me organizo como quiero. Obvio, atendiendo y cumpliendo de la mejor manera posible\u201d -gracias a mi agenda- expres\u00f3 entre risas. Y por \u00faltimo, destac\u00f3 que \u201cgracias a las personas que la rodean como tambi\u00e9n las que le compran, la incentivan a seguir creciendo\u201d.\u00a0<\/em><\/p>\n<p><em>\u201cYa sea por un cumplido o una compra, que me demuestren que les gusta mi trabajo y me apoyen es lo m\u00e1s grande que me puedo llevar\u201d,<\/em> adhiri\u00f3.<\/p>\n<p>La artesana \u201cPeque\u00f1a Hechicera\u201d como as\u00ed se la conoce, indic\u00f3 que a lo largo de este tiempo, su crecimiento fue posible gracias a la gente que la apoya y la elige en su proyecto autogestivo; como asimismo brinda su agradecimiento a las p\u00e1ginas de redes sociales que sostienen su emprendimiento como Facebook e Instagram.<\/p>\n<p><em>\u201cLa realidad es que las ventas crecieron un poquito m\u00e1s y me emociona tener varios pedidos. Gracias, gracias y m\u00e1s gracias\u201d,<\/em> enfatiz\u00f3 alegremente Antonella.<\/p>\n<p>Con respecto a las entregas de sus creaciones las realiza en su ciudad o en las estaciones de trenes de la l\u00ednea Roca, dependiendo del punto medio o la comodidad del cliente y la de ella y tambi\u00e9n nos inform\u00f3 que lo m\u00e1s pedido en este momento, son unos aros de girasol que hace a los cuales calific\u00f3 que<em> \u201cLa rompen toda\u201d<\/em> y unos collares con piedras preciosas que \u201cson hermosos y muy delicados\u201d hechas con variedad de piedras como amatista y cuarzo.<\/p>\n<p>Para comunicarse con esta gran artesana browniana, pueden encontrarla en facebook como Anto Pontiac (Artesana Peque\u00f1aHechicera) y en Instagram como @artesana.pequenahechicera.<\/p>\n<p><em>\u201cMuchas gracias por el espacio, la nota y por leerme. Los saluda con mucho amor la peque\u00f1a hechicera, Anto\u201d,<\/em> concluy\u00f3.<\/p>\n<p dir=\"auto\">\n","protected":false},"excerpt":{"rendered":"<p>En el actual contexto de pandemia, dialogamos con Antonella Altamirano. Tiene 23 a\u00f1os, se cri\u00f3 y reside en la localidad<\/p>\n","protected":false},"author":1,"featured_media":35215,"comment_status":"closed","ping_status":"closed","sticky":false,"template":"","format":"standard","meta":{"kia_subtitle":"","footnotes":"","jetpack_publicize_message":"","jetpack_publicize_feature_enabled":true,"jetpack_social_post_already_shared":true,"jetpack_social_options":{"image_generator_settings":{"template":"highway","default_image_id":0,"font":"","enabled":false},"version":2}},"categories":[2,33],"tags":[],"class_list":["post-35214","post","type-post","status-publish","format-standard","has-post-thumbnail","hentry","category-alte-brown","category-alte-brown-alte-brown"],"jetpack_publicize_connections":[],"jetpack_featured_media_url":"https:\/\/laurbedigital.com.ar\/noticias\/wp-content\/uploads\/2020\/09\/20200911-brown-emprendedores.jpg","_links":{"self":[{"href":"https:\/\/laurbedigital.com.ar\/noticias\/wp-json\/wp\/v2\/posts\/35214","targetHints":{"allow":["GET"]}}],"collection":[{"href":"https:\/\/laurbedigital.com.ar\/noticias\/wp-json\/wp\/v2\/posts"}],"about":[{"href":"https:\/\/laurbedigital.com.ar\/noticias\/wp-json\/wp\/v2\/types\/post"}],"author":[{"embeddable":true,"href":"https:\/\/laurbedigital.com.ar\/noticias\/wp-json\/wp\/v2\/users\/1"}],"replies":[{"embeddable":true,"href":"https:\/\/laurbedigital.com.ar\/noticias\/wp-json\/wp\/v2\/comments?post=35214"}],"version-history":[{"count":2,"href":"https:\/\/laurbedigital.com.ar\/noticias\/wp-json\/wp\/v2\/posts\/35214\/revisions"}],"predecessor-version":[{"id":35217,"href":"https:\/\/laurbedigital.com.ar\/noticias\/wp-json\/wp\/v2\/posts\/35214\/revisions\/35217"}],"wp:featuredmedia":[{"embeddable":true,"href":"https:\/\/laurbedigital.com.ar\/noticias\/wp-json\/wp\/v2\/media\/35215"}],"wp:attachment":[{"href":"https:\/\/laurbedigital.com.ar\/noticias\/wp-json\/wp\/v2\/media?parent=35214"}],"wp:term":[{"taxonomy":"category","embeddable":true,"href":"https:\/\/laurbedigital.com.ar\/noticias\/wp-json\/wp\/v2\/categories?post=35214"},{"taxonomy":"post_tag","embeddable":true,"href":"https:\/\/laurbedigital.com.ar\/noticias\/wp-json\/wp\/v2\/tags?post=35214"}],"curies":[{"name":"wp","href":"https:\/\/api.w.org\/{rel}","templated":true}]}}