{"id":3477,"date":"2016-05-18T11:40:50","date_gmt":"2016-05-18T14:40:50","guid":{"rendered":"http:\/\/laurbedigital.com.ar\/noticias\/?p=3477"},"modified":"2016-05-18T11:40:50","modified_gmt":"2016-05-18T14:40:50","slug":"petroleros-reafirman-que-cortaran-el-gas-el-1-de-junio-por-la-suba-de-tarifas","status":"publish","type":"post","link":"https:\/\/laurbedigital.com.ar\/noticias\/2016\/05\/18\/petroleros-reafirman-que-cortaran-el-gas-el-1-de-junio-por-la-suba-de-tarifas\/","title":{"rendered":"Petroleros reafirman que cortar\u00e1n el gas el 1 de junio por la suba de tarifas"},"content":{"rendered":"<p>El secretario de Asuntos Internacionales y Pol\u00edticas Institucionales del gremio, Luis Sosa, confirm\u00f3 la decisi\u00f3n de los trabajadores de llevar adelante la protesta en rechazo al incremento tarifario.<\/p>\n<p>La Federaci\u00f3n Argentina del Petr\u00f3leo, Gas y Biocombustibles reafirm\u00f3 este mi\u00e9rcoles que el 1 de junio los trabajadores cortar\u00e1n el gas proveniente de Tierra del Fuego en rechazo a la suba de tarifas.<\/p>\n<p>\u201cNo es una amenaza, nos estamos organizando para cerrar la llave del gasoducto General San Mart\u00edn que provee a distintas localidades, porque no se pueden avasallar los derechos de los usuarios con este ajuste\u201d, indic\u00f3 el secretario de Asuntos Internacionales y Pol\u00edticas Institucionales del gremio, Luis Sosa, en declaraciones a Radio Del Plata.<\/p>\n<p>Agreg\u00f3 que la protesta es \u201ccontra este aumento salvaje que lleva adelante el gobierno central, de un 600% de incremento de gas domiciliario; y de un 1000 por 1000 para empresas y comercios\u201d.<\/p>\n<p>\u201cNo es la primera vez que el sindicato toma una medida de este tipo, ya que lo hicimos cuando discutimos un bono para Tierra del Fuego\u201d, record\u00f3 el dirigente gremial.<\/p>\n<p>No obstante, agreg\u00f3 que el suministro \u201cno estar\u00e1 cortado totalmente\u201d.<\/p>\n<p>Por otra parte, ejemplific\u00f3: \u201cLa universidad local que pagaba 15 mil pesos de servicio el\u00e9ctrico, hoy tiene que afrontar un costo de 150 mil pesos\u201d.<\/p>\n","protected":false},"excerpt":{"rendered":"<p>El secretario de Asuntos Internacionales y Pol\u00edticas Institucionales del gremio, Luis Sosa, confirm\u00f3 la decisi\u00f3n de los trabajadores de llevar<\/p>\n","protected":false},"author":1,"featured_media":3478,"comment_status":"closed","ping_status":"closed","sticky":false,"template":"","format":"standard","meta":{"kia_subtitle":"","footnotes":"","jetpack_publicize_message":"","jetpack_publicize_feature_enabled":true,"jetpack_social_post_already_shared":true,"jetpack_social_options":{"image_generator_settings":{"template":"highway","default_image_id":0,"font":"","enabled":false},"version":2}},"categories":[3,41],"tags":[],"class_list":["post-3477","post","type-post","status-publish","format-standard","has-post-thumbnail","hentry","category-actualidad","category-nacionales"],"jetpack_publicize_connections":[],"jetpack_featured_media_url":"https:\/\/laurbedigital.com.ar\/noticias\/wp-content\/uploads\/2016\/05\/20160518-nac.jpg","_links":{"self":[{"href":"https:\/\/laurbedigital.com.ar\/noticias\/wp-json\/wp\/v2\/posts\/3477","targetHints":{"allow":["GET"]}}],"collection":[{"href":"https:\/\/laurbedigital.com.ar\/noticias\/wp-json\/wp\/v2\/posts"}],"about":[{"href":"https:\/\/laurbedigital.com.ar\/noticias\/wp-json\/wp\/v2\/types\/post"}],"author":[{"embeddable":true,"href":"https:\/\/laurbedigital.com.ar\/noticias\/wp-json\/wp\/v2\/users\/1"}],"replies":[{"embeddable":true,"href":"https:\/\/laurbedigital.com.ar\/noticias\/wp-json\/wp\/v2\/comments?post=3477"}],"version-history":[{"count":1,"href":"https:\/\/laurbedigital.com.ar\/noticias\/wp-json\/wp\/v2\/posts\/3477\/revisions"}],"predecessor-version":[{"id":3479,"href":"https:\/\/laurbedigital.com.ar\/noticias\/wp-json\/wp\/v2\/posts\/3477\/revisions\/3479"}],"wp:featuredmedia":[{"embeddable":true,"href":"https:\/\/laurbedigital.com.ar\/noticias\/wp-json\/wp\/v2\/media\/3478"}],"wp:attachment":[{"href":"https:\/\/laurbedigital.com.ar\/noticias\/wp-json\/wp\/v2\/media?parent=3477"}],"wp:term":[{"taxonomy":"category","embeddable":true,"href":"https:\/\/laurbedigital.com.ar\/noticias\/wp-json\/wp\/v2\/categories?post=3477"},{"taxonomy":"post_tag","embeddable":true,"href":"https:\/\/laurbedigital.com.ar\/noticias\/wp-json\/wp\/v2\/tags?post=3477"}],"curies":[{"name":"wp","href":"https:\/\/api.w.org\/{rel}","templated":true}]}}