{"id":34293,"date":"2020-08-30T13:55:18","date_gmt":"2020-08-30T16:55:18","guid":{"rendered":"https:\/\/laurbedigital.com.ar\/noticias\/?p=34293"},"modified":"2020-08-30T13:55:18","modified_gmt":"2020-08-30T16:55:18","slug":"el-duo-baglietto-vitale-presenta-su-segundo-show-streaming-actuar-para-vivir","status":"publish","type":"post","link":"https:\/\/laurbedigital.com.ar\/noticias\/2020\/08\/30\/el-duo-baglietto-vitale-presenta-su-segundo-show-streaming-actuar-para-vivir\/","title":{"rendered":"El d\u00fao Baglietto-Vitale presenta su segundo show streaming, \u00abActuar para vivir\u00bb"},"content":{"rendered":"<p>\u00a0<\/p>\n<h5>El d\u00fao integrado por el cantante Juan Carlos Baglietto y el pianista Lito Vitale, que est\u00e1 a punto de cumplir 30 a\u00f1os de historia, ofrecer\u00e1 el domingo 27 de septiembre a las 19.30 un segundo concierto online, titulado \u201cActuar para vivir\u201d, en el que har\u00e1n un repaso por su trayectoria.<\/h5>\n<p>La dupla tocar\u00e1 desde la casa de Vitale, sede de ensayos y proyectos de ambos m\u00fasicos, quienes antes de cumplir el aniversario de \u201cPostales de este lado del mundo\u201d, su primer trabajo (1991), planean un 2021 de celebraci\u00f3n con muchos conciertos y encuentros con quienes los siguen fieles desde hace tanto tiempo.<\/p>\n<p><em>\u201cEl domingo 27 de septiembre el rosarigasino y su amigo pianista tocar\u00e1n en el patio de la Casona de San Telmo, junto a Juli\u00e1n Baglietto en bater\u00eda y percusi\u00f3n, recorriendo gran parte de sus m\u00e1s destacadas y festejadas interpretaciones de alguna manera como inicio de los festejos futuros\u201d,<\/em> indic\u00f3 un comunicado de prensa.<\/p>\n<p><em>\u201cPara los que ya vieron el concierto del 25 de julio \u2013contin\u00faa el texto- la buena noticia es que este nuevo show ser\u00e1 \u00edntegramente diferente al primero, es decir, no repetir\u00e1n ninguna canci\u00f3n de las que tocaron en su primer streaming\u201d.<\/em><\/p>\n<p>En esta ocasi\u00f3n Baglietto-Vitale propondr\u00e1 un clima intimista pero no dejar\u00e1 de sentirse la esencia dram\u00e1tica y rockera que los caracteriza.<\/p>\n<p>Las entradas pueden comprarse en <a href=\"https:\/\/linktr.ee\/baglietto_vital\" target=\"_blank\" rel=\"noopener\">https:\/\/linktr.ee\/baglietto_vital<\/a><\/p>\n<p>\u00a0<\/p>\n<p>\u00a0<\/p>\n","protected":false},"excerpt":{"rendered":"<p>\u00a0 El d\u00fao integrado por el cantante Juan Carlos Baglietto y el pianista Lito Vitale, que est\u00e1 a punto de<\/p>\n","protected":false},"author":1,"featured_media":34294,"comment_status":"closed","ping_status":"closed","sticky":false,"template":"","format":"standard","meta":{"kia_subtitle":"","footnotes":"","jetpack_publicize_message":"","jetpack_publicize_feature_enabled":true,"jetpack_social_post_already_shared":true,"jetpack_social_options":{"image_generator_settings":{"template":"highway","default_image_id":0,"font":"","enabled":false},"version":2}},"categories":[68],"tags":[],"class_list":["post-34293","post","type-post","status-publish","format-standard","has-post-thumbnail","hentry","category-cine-y-series"],"jetpack_publicize_connections":[],"jetpack_featured_media_url":"https:\/\/laurbedigital.com.ar\/noticias\/wp-content\/uploads\/2020\/08\/20200830-Baglietto-Vitale.jpg","_links":{"self":[{"href":"https:\/\/laurbedigital.com.ar\/noticias\/wp-json\/wp\/v2\/posts\/34293","targetHints":{"allow":["GET"]}}],"collection":[{"href":"https:\/\/laurbedigital.com.ar\/noticias\/wp-json\/wp\/v2\/posts"}],"about":[{"href":"https:\/\/laurbedigital.com.ar\/noticias\/wp-json\/wp\/v2\/types\/post"}],"author":[{"embeddable":true,"href":"https:\/\/laurbedigital.com.ar\/noticias\/wp-json\/wp\/v2\/users\/1"}],"replies":[{"embeddable":true,"href":"https:\/\/laurbedigital.com.ar\/noticias\/wp-json\/wp\/v2\/comments?post=34293"}],"version-history":[{"count":1,"href":"https:\/\/laurbedigital.com.ar\/noticias\/wp-json\/wp\/v2\/posts\/34293\/revisions"}],"predecessor-version":[{"id":34295,"href":"https:\/\/laurbedigital.com.ar\/noticias\/wp-json\/wp\/v2\/posts\/34293\/revisions\/34295"}],"wp:featuredmedia":[{"embeddable":true,"href":"https:\/\/laurbedigital.com.ar\/noticias\/wp-json\/wp\/v2\/media\/34294"}],"wp:attachment":[{"href":"https:\/\/laurbedigital.com.ar\/noticias\/wp-json\/wp\/v2\/media?parent=34293"}],"wp:term":[{"taxonomy":"category","embeddable":true,"href":"https:\/\/laurbedigital.com.ar\/noticias\/wp-json\/wp\/v2\/categories?post=34293"},{"taxonomy":"post_tag","embeddable":true,"href":"https:\/\/laurbedigital.com.ar\/noticias\/wp-json\/wp\/v2\/tags?post=34293"}],"curies":[{"name":"wp","href":"https:\/\/api.w.org\/{rel}","templated":true}]}}