{"id":34240,"date":"2020-08-29T14:32:58","date_gmt":"2020-08-29T17:32:58","guid":{"rendered":"https:\/\/laurbedigital.com.ar\/noticias\/?p=34240"},"modified":"2020-08-29T14:32:58","modified_gmt":"2020-08-29T17:32:58","slug":"a-los-43-anos-muere-chadwick-boseman-protagonista-de-pantera-negra","status":"publish","type":"post","link":"https:\/\/laurbedigital.com.ar\/noticias\/2020\/08\/29\/a-los-43-anos-muere-chadwick-boseman-protagonista-de-pantera-negra\/","title":{"rendered":"A los 43 a\u00f1os muere Chadwick Boseman, protagonista de \u201cPantera Negra\u201d"},"content":{"rendered":"<p>\u00a0<\/p>\n<h5>El actor, que nunca hizo p\u00fablica su enfermedad, falleci\u00f3 en su casa de Los \u00c1ngeles producto del c\u00e1ncer de colon que le hab\u00eda sido diagnosticado en 2016.<\/h5>\n<p>El actor estadounidense Chadwick Boseman, protagonista de la multigalardonada \u201cPantera Negra\u201d, entre otros filmes, falleci\u00f3 ayer a los 43 a\u00f1os en su casa de Los \u00c1ngeles, en Estados Unidos, producto del c\u00e1ncer de colon que le hab\u00eda sido diagnosticado en 2016, seg\u00fan inform\u00f3 su publicista a medios norteamericanos.<\/p>\n<p>Boseman nunca hizo p\u00fablica su enfermedad mientras estuvo con vida, y fue justamente en los \u00faltimos a\u00f1os en los que obtuvo e interpret\u00f3 los roles que m\u00e1s notoriedad le trajeron a su carrera.<\/p>\n<p><em>\u201cUn verdadero luchador, Chadwick persever\u00f3 a trav\u00e9s de todo y les trajo muchos de los filmes que han llegado a amar tanto\u201d,<\/em> escribi\u00f3 su familia en una declaraci\u00f3n publicada en el mismo perfil de Boseman de Twitter, @chadwickboseman.<\/p>\n<p>El papel m\u00e1s conocido del actor, aquel que lo llev\u00f3 a atravesar todo tipo de fronteras, fue el del personaje de c\u00f3mic de la editorial Marvel en la saga de los Avengers, T\u2019Challa\/Pantera Negra.<\/p>\n<p>Lo interpret\u00f3 por primera vez en \u201cCapit\u00e1n Am\u00e9rica: Civil War\u201d (2016) y luego en las monumentales \u201cAvengers: Infinity War\u201d (2018) y \u201cAvengers: Endgame\u201d (2019), pero fue en \u201cPantera Negra\u201d en la que m\u00e1s destac\u00f3.<\/p>\n<p>La cinta, estrenada en la primera parte de 2018, fue la primera de Marvel protagonizada por un superh\u00e9roe de raza negra, y en este caso de origen africano.<\/p>\n<p>Fue un \u00e9xito arrollador tanto en taquilla como en cr\u00edtica: es una de las cintas m\u00e1s recaudadoras de la historia con m\u00e1s de 1.300 millones de d\u00f3lares abonados en las boleter\u00edas de todo el mundo y consigui\u00f3 siete nominaciones a los premios Oscar, de los cuales gan\u00f3 tres.<\/p>\n<p>Otros papeles destacados del artista fueron \u201c42\u201d (2013) en el que encarn\u00f3 al ic\u00f3nico beisbolista Jackie Robinson, el primero de raza negra en llegar a las grandes ligas; y \u201c5 Sangres\u201d, estrenada este mismo a\u00f1o y bajo las \u00f3rdenes de Spike Lee.<\/p>\n<p>\u00a0<\/p>\n<p>\u00a0<\/p>\n","protected":false},"excerpt":{"rendered":"<p>\u00a0 El actor, que nunca hizo p\u00fablica su enfermedad, falleci\u00f3 en su casa de Los \u00c1ngeles producto del c\u00e1ncer de<\/p>\n","protected":false},"author":1,"featured_media":34242,"comment_status":"closed","ping_status":"closed","sticky":false,"template":"","format":"standard","meta":{"kia_subtitle":"","footnotes":"","jetpack_publicize_message":"","jetpack_publicize_feature_enabled":true,"jetpack_social_post_already_shared":true,"jetpack_social_options":{"image_generator_settings":{"template":"highway","default_image_id":0,"font":"","enabled":false},"version":2}},"categories":[68],"tags":[],"class_list":["post-34240","post","type-post","status-publish","format-standard","has-post-thumbnail","hentry","category-cine-y-series"],"jetpack_publicize_connections":[],"jetpack_featured_media_url":"https:\/\/laurbedigital.com.ar\/noticias\/wp-content\/uploads\/2020\/08\/20200829-pantera-negro.jpg","_links":{"self":[{"href":"https:\/\/laurbedigital.com.ar\/noticias\/wp-json\/wp\/v2\/posts\/34240","targetHints":{"allow":["GET"]}}],"collection":[{"href":"https:\/\/laurbedigital.com.ar\/noticias\/wp-json\/wp\/v2\/posts"}],"about":[{"href":"https:\/\/laurbedigital.com.ar\/noticias\/wp-json\/wp\/v2\/types\/post"}],"author":[{"embeddable":true,"href":"https:\/\/laurbedigital.com.ar\/noticias\/wp-json\/wp\/v2\/users\/1"}],"replies":[{"embeddable":true,"href":"https:\/\/laurbedigital.com.ar\/noticias\/wp-json\/wp\/v2\/comments?post=34240"}],"version-history":[{"count":1,"href":"https:\/\/laurbedigital.com.ar\/noticias\/wp-json\/wp\/v2\/posts\/34240\/revisions"}],"predecessor-version":[{"id":34243,"href":"https:\/\/laurbedigital.com.ar\/noticias\/wp-json\/wp\/v2\/posts\/34240\/revisions\/34243"}],"wp:featuredmedia":[{"embeddable":true,"href":"https:\/\/laurbedigital.com.ar\/noticias\/wp-json\/wp\/v2\/media\/34242"}],"wp:attachment":[{"href":"https:\/\/laurbedigital.com.ar\/noticias\/wp-json\/wp\/v2\/media?parent=34240"}],"wp:term":[{"taxonomy":"category","embeddable":true,"href":"https:\/\/laurbedigital.com.ar\/noticias\/wp-json\/wp\/v2\/categories?post=34240"},{"taxonomy":"post_tag","embeddable":true,"href":"https:\/\/laurbedigital.com.ar\/noticias\/wp-json\/wp\/v2\/tags?post=34240"}],"curies":[{"name":"wp","href":"https:\/\/api.w.org\/{rel}","templated":true}]}}