{"id":34107,"date":"2020-08-27T15:54:31","date_gmt":"2020-08-27T18:54:31","guid":{"rendered":"https:\/\/laurbedigital.com.ar\/noticias\/?p=34107"},"modified":"2020-08-27T15:54:31","modified_gmt":"2020-08-27T18:54:31","slug":"anses-renueva-la-actualizacion-de-datos-para-los-menores-de-25-que-no-pudieron-cobrar-el-ife","status":"publish","type":"post","link":"https:\/\/laurbedigital.com.ar\/noticias\/2020\/08\/27\/anses-renueva-la-actualizacion-de-datos-para-los-menores-de-25-que-no-pudieron-cobrar-el-ife\/","title":{"rendered":"Anses renueva la actualizaci\u00f3n de datos para los menores de 25 que no pudieron cobrar el IFE"},"content":{"rendered":"<p>\u00a0<\/p>\n<h5>La Anses dispuso la actualizaci\u00f3n de los datos para cobrar el IFE a trav\u00e9s de su p\u00e1gina Web. La misma esta dirigida a todos los j\u00f3venes menores de 25 a\u00f1os, que a pesar de cumplir con los requisitos, no pudieron acceder al\u00a0Ingreso Familiar de Emergencia\u00a0por el hecho de que en la radicaci\u00f3n de su domicilio figuraba la direcci\u00f3n de sus padres y alguno de ellos posee un trabajo en blanco.<\/h5>\n<p>De esta manera, la\u00a0Administraci\u00f3n Nacional de Seguridad Social, comunic\u00f3 que esa posibilidad estar\u00e1 habilitada a partir de este jueves, y que todos aquellos j\u00f3venes menores de 25 a\u00f1os que alquilan, pero no hayan cambiado el domicilio y cumplan con el resto de los requisitos, puedan volver a postularse.<\/p>\n<p><strong>\u00bfC\u00f3mo actualizar los datos desde el aplicativo de Anses?<\/strong><\/p>\n<p>1) El interesado deber\u00e1 ingresar a <a href=\"https:\/\/www.anses.gob.ar\" target=\"_blank\" rel=\"noopener\">https:\/\/www.anses.gob.ar<\/a>,\u00a0clickear\u00a0Mi Anses, colocar el n\u00famero de CUIL y Clave de Seguridad Social.<\/p>\n<p>2) En la pesta\u00f1a sobre informaci\u00f3n personal, aparecer\u00e1 la opci\u00f3n\u00a0\u00abRelaciones Familiares\u00bb. Una vez clikeada esta opci\u00f3n, se descargar\u00e1 los archivos PDF que se habilitaron.<\/p>\n<p>3) Esos PDF deber\u00e1n completarse por los titulares menores de 25 de a\u00f1os,<strong>\u00a0en car\u00e1cter de declaraci\u00f3n jurada que deje constancia que no conviven con sus padres.<\/strong>\u00a0De esta forma, analizar\u00e1n si el grupo familiar que compone no recibe m\u00e1s de un bono de asistencia.<\/p>\n<p>\u00a0<\/p>\n<p>\u00a0<\/p>\n","protected":false},"excerpt":{"rendered":"<p>\u00a0 La Anses dispuso la actualizaci\u00f3n de los datos para cobrar el IFE a trav\u00e9s de su p\u00e1gina Web. La<\/p>\n","protected":false},"author":1,"featured_media":34102,"comment_status":"closed","ping_status":"closed","sticky":false,"template":"","format":"standard","meta":{"kia_subtitle":"","footnotes":"","jetpack_publicize_message":"","jetpack_publicize_feature_enabled":true,"jetpack_social_post_already_shared":true,"jetpack_social_options":{"image_generator_settings":{"template":"highway","default_image_id":0,"font":"","enabled":false},"version":2}},"categories":[3,41],"tags":[],"class_list":["post-34107","post","type-post","status-publish","format-standard","has-post-thumbnail","hentry","category-actualidad","category-nacionales"],"jetpack_publicize_connections":[],"jetpack_featured_media_url":"https:\/\/laurbedigital.com.ar\/noticias\/wp-content\/uploads\/2020\/08\/20200827-anses.jpg","_links":{"self":[{"href":"https:\/\/laurbedigital.com.ar\/noticias\/wp-json\/wp\/v2\/posts\/34107","targetHints":{"allow":["GET"]}}],"collection":[{"href":"https:\/\/laurbedigital.com.ar\/noticias\/wp-json\/wp\/v2\/posts"}],"about":[{"href":"https:\/\/laurbedigital.com.ar\/noticias\/wp-json\/wp\/v2\/types\/post"}],"author":[{"embeddable":true,"href":"https:\/\/laurbedigital.com.ar\/noticias\/wp-json\/wp\/v2\/users\/1"}],"replies":[{"embeddable":true,"href":"https:\/\/laurbedigital.com.ar\/noticias\/wp-json\/wp\/v2\/comments?post=34107"}],"version-history":[{"count":1,"href":"https:\/\/laurbedigital.com.ar\/noticias\/wp-json\/wp\/v2\/posts\/34107\/revisions"}],"predecessor-version":[{"id":34109,"href":"https:\/\/laurbedigital.com.ar\/noticias\/wp-json\/wp\/v2\/posts\/34107\/revisions\/34109"}],"wp:featuredmedia":[{"embeddable":true,"href":"https:\/\/laurbedigital.com.ar\/noticias\/wp-json\/wp\/v2\/media\/34102"}],"wp:attachment":[{"href":"https:\/\/laurbedigital.com.ar\/noticias\/wp-json\/wp\/v2\/media?parent=34107"}],"wp:term":[{"taxonomy":"category","embeddable":true,"href":"https:\/\/laurbedigital.com.ar\/noticias\/wp-json\/wp\/v2\/categories?post=34107"},{"taxonomy":"post_tag","embeddable":true,"href":"https:\/\/laurbedigital.com.ar\/noticias\/wp-json\/wp\/v2\/tags?post=34107"}],"curies":[{"name":"wp","href":"https:\/\/api.w.org\/{rel}","templated":true}]}}