{"id":33953,"date":"2020-08-26T11:40:23","date_gmt":"2020-08-26T14:40:23","guid":{"rendered":"https:\/\/laurbedigital.com.ar\/noticias\/?p=33953"},"modified":"2020-08-26T11:40:23","modified_gmt":"2020-08-26T14:40:23","slug":"trotta-rechazo-el-protocolo-de-ciudad-para-abrir-espacios-digitales-en-las-escuelas","status":"publish","type":"post","link":"https:\/\/laurbedigital.com.ar\/noticias\/2020\/08\/26\/trotta-rechazo-el-protocolo-de-ciudad-para-abrir-espacios-digitales-en-las-escuelas\/","title":{"rendered":"Trotta rechaz\u00f3 el protocolo de Ciudad para abrir espacios digitales en las escuelas"},"content":{"rendered":"<p>\u00a0<\/p>\n<h5>El ministro de Educaci\u00f3n, Nicol\u00e1s Trotta, rechaz\u00f3 hoy el protocolo presentado por la Ciudad de Buenos Aires para abrir espacios digitales en las escuelas a partir del 31 de agosto, inform\u00f3 la cartera a trav\u00e9s de una videoconferencia.<\/h5>\n<p><strong>El ministro de Educaci\u00f3n, Nicol\u00e1s Trotta, rechaz\u00f3 hoy el protocolo presentado por la ciudad de Buenos Aires para abrir espacios digitales en las escuelas a partir del 31 de agosto por considerar que el distrito \u00abno cumpl\u00eda con los niveles de circulaci\u00f3n baja del virus\u00bb para implementarlo.<\/strong><\/p>\n<p><em><strong>\u00abLa Ciudad no cumpl\u00eda con los niveles de circulaci\u00f3n bajo del virus para abrir las escuelas\u00bb, dijo el funcionario a trav\u00e9s de una videoconferencia, y sostuvo que tampoco \u00abcumpl\u00eda con 15 requisitos que fueron aprobados por el Consejo Federal de Educaci\u00f3n con todas las provincias\u00bb.<\/strong><\/em><\/p>\n<p>Durante el contacto con periodistas, el ministro explic\u00f3 que <em>\u00abhab\u00eda incongruencias entre lo que presentaron y lo que dec\u00edan en los medios\u00bb y agreg\u00f3 que \u00abel programa Conectate en la escuela implica de hecho la presencia de los docentes\u00bb.<\/em><\/p>\n<p><em><strong>\u00abSe tiene que lograr el despliegue del sistema y no exponer a los chicos\u00bb,<\/strong>\u00a0<\/em>afirm\u00f3 Trotta sobre el protocolo para abrir a partir del 31 de agosto \u00abespacios digitales\u00bb en las escuelas primarias y secundarias de la Ciudad.<\/p>\n<p>El\u00a0<strong>protocolo<\/strong>\u00a0establec\u00eda un m\u00e1ximo de 15 alumnos por escuela, con turnos y con una estad\u00eda m\u00e1xima de dos horas para cada uno, y seg\u00fan las autoridades de la Ciudad est\u00e1 pensado para quienes por alg\u00fan motivo no pudieron seguir los estudios a distancia, ya sea por problemas de falta de computadora, acceso a Internet o alguna otra situaci\u00f3n familiar.<\/p>\n<p>Sin embargo, el plan hab\u00eda sido rechazado por los gremios docentes, que apuntaron que esta decisi\u00f3n expon\u00eda tanto a estudiantes como al personal docente y no docente a la posibilidad de contagio de coronavirus.<\/p>\n<p>Tambi\u00e9n se hab\u00edan manifestado en contra diputados de la oposici\u00f3n porte\u00f1a durante una reuni\u00f3n el pasado viernes de la Comisi\u00f3n de Educaci\u00f3n de la Legislatura por considerar que el protocolo contradec\u00eda las alertas vinculadas a la situaci\u00f3n epidemiol\u00f3gica del distrito por la Covid-19.<\/p>\n<p>En tanto, Trotta indic\u00f3 que <em>\u00abno es una propuesta solo para 5.100, 6.500 o 9.000 alumnos que no tuvieron conectividad\u00bb<\/em> y dijo que <em>\u00abesto no se resuelve en un problema de conectividad sino en una mayor presencia del Estado en esos lugares de vulnerabilidad\u00bb.<\/em><\/p>\n<p>Esta ma\u00f1ana, durante su habitual reporte sobre la situaci\u00f3n del coronavirus en la Ciudad, el ministro de Salud porte\u00f1o, Fern\u00e1n Quir\u00f3s, hab\u00eda dicho que el protocolo <em>\u00abes muy seguro\u00bb<\/em> y busca <em>\u00abevitar un da\u00f1o social irreparable en los ni\u00f1os que perdieron su v\u00ednculo con la escuela y el proceso educativo\u00bb.<\/em><\/p>\n<p><em>\u00abNo es un tema de conectividad y tecnolog\u00eda; es m\u00e1s profundo que tener contectividad; queremos ir a ver ni\u00f1o por ni\u00f1o y comprender el contexto familiar, social y cultural para ver por qu\u00e9 perdieron el v\u00ednculo y poner al Estado a disposici\u00f3n para darles oportunidades\u00bb,<\/em> afirm\u00f3 Quir\u00f3s.<\/p>\n<p>\u00a0<\/p>\n<p>\u00a0<\/p>\n","protected":false},"excerpt":{"rendered":"<p>\u00a0 El ministro de Educaci\u00f3n, Nicol\u00e1s Trotta, rechaz\u00f3 hoy el protocolo presentado por la Ciudad de Buenos Aires para abrir<\/p>\n","protected":false},"author":1,"featured_media":30476,"comment_status":"closed","ping_status":"closed","sticky":false,"template":"","format":"standard","meta":{"kia_subtitle":"","footnotes":"","jetpack_publicize_message":"","jetpack_publicize_feature_enabled":true,"jetpack_social_post_already_shared":true,"jetpack_social_options":{"image_generator_settings":{"template":"highway","default_image_id":0,"font":"","enabled":false},"version":2}},"categories":[3],"tags":[],"class_list":["post-33953","post","type-post","status-publish","format-standard","has-post-thumbnail","hentry","category-actualidad"],"jetpack_publicize_connections":[],"jetpack_featured_media_url":"https:\/\/laurbedigital.com.ar\/noticias\/wp-content\/uploads\/2020\/07\/20200708-trotta.jpg","_links":{"self":[{"href":"https:\/\/laurbedigital.com.ar\/noticias\/wp-json\/wp\/v2\/posts\/33953","targetHints":{"allow":["GET"]}}],"collection":[{"href":"https:\/\/laurbedigital.com.ar\/noticias\/wp-json\/wp\/v2\/posts"}],"about":[{"href":"https:\/\/laurbedigital.com.ar\/noticias\/wp-json\/wp\/v2\/types\/post"}],"author":[{"embeddable":true,"href":"https:\/\/laurbedigital.com.ar\/noticias\/wp-json\/wp\/v2\/users\/1"}],"replies":[{"embeddable":true,"href":"https:\/\/laurbedigital.com.ar\/noticias\/wp-json\/wp\/v2\/comments?post=33953"}],"version-history":[{"count":1,"href":"https:\/\/laurbedigital.com.ar\/noticias\/wp-json\/wp\/v2\/posts\/33953\/revisions"}],"predecessor-version":[{"id":33955,"href":"https:\/\/laurbedigital.com.ar\/noticias\/wp-json\/wp\/v2\/posts\/33953\/revisions\/33955"}],"wp:featuredmedia":[{"embeddable":true,"href":"https:\/\/laurbedigital.com.ar\/noticias\/wp-json\/wp\/v2\/media\/30476"}],"wp:attachment":[{"href":"https:\/\/laurbedigital.com.ar\/noticias\/wp-json\/wp\/v2\/media?parent=33953"}],"wp:term":[{"taxonomy":"category","embeddable":true,"href":"https:\/\/laurbedigital.com.ar\/noticias\/wp-json\/wp\/v2\/categories?post=33953"},{"taxonomy":"post_tag","embeddable":true,"href":"https:\/\/laurbedigital.com.ar\/noticias\/wp-json\/wp\/v2\/tags?post=33953"}],"curies":[{"name":"wp","href":"https:\/\/api.w.org\/{rel}","templated":true}]}}