{"id":33889,"date":"2020-08-25T12:51:00","date_gmt":"2020-08-25T15:51:00","guid":{"rendered":"https:\/\/laurbedigital.com.ar\/noticias\/?p=33889"},"modified":"2020-08-25T12:51:00","modified_gmt":"2020-08-25T15:51:00","slug":"los-sintomas-claves-para-diferenciar-el-coronavirus-del-resfriado-comun","status":"publish","type":"post","link":"https:\/\/laurbedigital.com.ar\/noticias\/2020\/08\/25\/los-sintomas-claves-para-diferenciar-el-coronavirus-del-resfriado-comun\/","title":{"rendered":"Los s\u00edntomas claves para diferenciar el coronavirus del resfriado com\u00fan"},"content":{"rendered":"<p>\u00a0<\/p>\n<h5>Las personas con coronavirus suelen tener problemas para identificar los sabores amargos o dulces, pero pueden respirar libremente y no tienden a tener la nariz tapada o goteando.<\/h5>\n<p>Los s\u00edntomas del\u00a0<b>coronavirus<\/b>\u00a0y el resfriado pueden parecer muy similares en algunas ocasiones, pero hay que saber diferenciarlos. Un estudio de la revista &#8216;Rhinology&#8217; ha comparado los s\u00edntomas del coronavirus con otros virus.<\/p>\n<p>Las principales diferencias encontradas son que, aunque los pacientes con coronavirus tambi\u00e9n pierden el sentido del olfato,\u00a0<b>pueden respirar libremente, no tienden a tener la nariz tapada o goteando\u00a0<\/b>y no pueden detectar los sabores amargos o dulces.<\/p>\n<p>El equipo de investigaci\u00f3n llev\u00f3 a cabo pruebas de olfato y gusto en 10 pacientes con Covid-19, 10 personas con resfriados fuertes y un grupo de control de 10 personas sanas, todos emparejados por edad y sexo. Los investigadores encontraron que\u00a0<b>la p\u00e9rdida de olor era mucho m\u00e1s profunda en las patentes con coronavirus.<\/b><\/p>\n<p>Eran menos capaces de identificar los olores, y\u00a0<b>no eran capaces de identificar los sabores amargos o dulces<\/b>. De hecho, era esta p\u00e9rdida del verdadero sabor la que parec\u00eda estar presente en los pacientes de Covid-19 en comparaci\u00f3n con los que estaban\u00a0resfriados.<\/p>\n<p><strong>Podr\u00edan tener anticuerpos<\/strong><\/p>\n<p>Un estudio dirigido por la Charit\u00e9 &#8211; Universit\u00e4tsmedizin Berlin y el Instituto Max Planck de Gen\u00e9tica Molecular (Alemania) ha mostrado que algunas personas sanas, que no han enfermado nunca de coronavirus, p<b>oseen c\u00e9lulas inmunes capaces de reconocer el nuevo coronavirus, el SARS-CoV-2.<\/b><\/p>\n<p>La raz\u00f3n\u00a0<b>podr\u00eda encontrarse en anteriores infecciones con coronavirus que producen resfriados comunes<\/b>. Seg\u00fan sus hallazgos, el 35% de los participantes que no hab\u00edan pasado el nuevo coronavirus presentaban linfocitos-T pese a que dieron negativos en\u00a0anticuerpos\u00a0IgG.<\/p>\n<p>\u00a0<\/p>\n","protected":false},"excerpt":{"rendered":"<p>\u00a0 Las personas con coronavirus suelen tener problemas para identificar los sabores amargos o dulces, pero pueden respirar libremente y<\/p>\n","protected":false},"author":1,"featured_media":33891,"comment_status":"closed","ping_status":"closed","sticky":false,"template":"","format":"standard","meta":{"kia_subtitle":"","footnotes":"","jetpack_publicize_message":"","jetpack_publicize_feature_enabled":true,"jetpack_social_post_already_shared":true,"jetpack_social_options":{"image_generator_settings":{"template":"highway","default_image_id":0,"font":"","enabled":false},"version":2}},"categories":[15,70],"tags":[],"class_list":["post-33889","post","type-post","status-publish","format-standard","has-post-thumbnail","hentry","category-tendencias","category-salud"],"jetpack_publicize_connections":[],"jetpack_featured_media_url":"https:\/\/laurbedigital.com.ar\/noticias\/wp-content\/uploads\/2020\/08\/20200824-resfriado.jpg","_links":{"self":[{"href":"https:\/\/laurbedigital.com.ar\/noticias\/wp-json\/wp\/v2\/posts\/33889","targetHints":{"allow":["GET"]}}],"collection":[{"href":"https:\/\/laurbedigital.com.ar\/noticias\/wp-json\/wp\/v2\/posts"}],"about":[{"href":"https:\/\/laurbedigital.com.ar\/noticias\/wp-json\/wp\/v2\/types\/post"}],"author":[{"embeddable":true,"href":"https:\/\/laurbedigital.com.ar\/noticias\/wp-json\/wp\/v2\/users\/1"}],"replies":[{"embeddable":true,"href":"https:\/\/laurbedigital.com.ar\/noticias\/wp-json\/wp\/v2\/comments?post=33889"}],"version-history":[{"count":1,"href":"https:\/\/laurbedigital.com.ar\/noticias\/wp-json\/wp\/v2\/posts\/33889\/revisions"}],"predecessor-version":[{"id":33892,"href":"https:\/\/laurbedigital.com.ar\/noticias\/wp-json\/wp\/v2\/posts\/33889\/revisions\/33892"}],"wp:featuredmedia":[{"embeddable":true,"href":"https:\/\/laurbedigital.com.ar\/noticias\/wp-json\/wp\/v2\/media\/33891"}],"wp:attachment":[{"href":"https:\/\/laurbedigital.com.ar\/noticias\/wp-json\/wp\/v2\/media?parent=33889"}],"wp:term":[{"taxonomy":"category","embeddable":true,"href":"https:\/\/laurbedigital.com.ar\/noticias\/wp-json\/wp\/v2\/categories?post=33889"},{"taxonomy":"post_tag","embeddable":true,"href":"https:\/\/laurbedigital.com.ar\/noticias\/wp-json\/wp\/v2\/tags?post=33889"}],"curies":[{"name":"wp","href":"https:\/\/api.w.org\/{rel}","templated":true}]}}