{"id":33656,"date":"2020-08-22T11:04:57","date_gmt":"2020-08-22T14:04:57","guid":{"rendered":"https:\/\/laurbedigital.com.ar\/noticias\/?p=33656"},"modified":"2020-08-22T11:04:57","modified_gmt":"2020-08-22T14:04:57","slug":"fuerte-accionar-de-la-policia-bonaerense-en-almirante-brown","status":"publish","type":"post","link":"https:\/\/laurbedigital.com.ar\/noticias\/2020\/08\/22\/fuerte-accionar-de-la-policia-bonaerense-en-almirante-brown\/","title":{"rendered":"Fuerte accionar de la Polic\u00eda Bonaerense en Almirante Brown"},"content":{"rendered":"<p>\u00a0<\/p>\n<h5>En el d\u00eda de ayer se registraron\u00a0 numerosos procedimientos policiales en los barrios Almirante Brown. En un destacado trabajo, la polic\u00eda bonaerense llev\u00f3 adelante la aprehensi\u00f3n de decenas de personas que cometieron alg\u00fan tipo de il\u00edcito o irregularidad, adem\u00e1s de incumplir la cuarentena, en\u00a0 las diferentes localidades.<\/h5>\n<p>Mediante un control vehicular, en la localidad de Solano, se detuvo a dos masculinos sospechosos que circulaban a bordo de una moto Yamaha YBR, cilindrada 125cc por las calles Pensamiento y Margarita por violar la normativa provincial vigente que impide el traslado de dos personas en un mismo rodado. Adem\u00e1s, uno de ellos presentaba pedido de captura activa y car\u00e1tula de portaci\u00f3n ilegal de arma de guerra y amenazas calificadas.<\/p>\n<p>En distintas recorridas por esa localidad, se aprehendi\u00f3 a cuatro personas indocumentadas por no contar con permiso de circulaci\u00f3n, en las arterias de Zorzal y Gorri\u00f3n, Pensamiento y Margarita y Charcas y Falucho. Por un alerta al 911, de un vecino que denunci\u00f3 tracci\u00f3n a sangre de un equino, se intercept\u00f3 a un masculino a bordo de un carro en Charcas y Salaberry y luego en otro control policial en la calles 24 y Pensamiento, se aprehendi\u00f3 a un hombre que carec\u00eda de permiso de circulaci\u00f3n y se le sustrajo la moto por no contar con la documentaci\u00f3n necesaria del veh\u00edculo. Todos ellos fueron trasladados a la comisar\u00eda 10ma de Solano.<\/p>\n<p>Por su parte en la localidad de Longchamps, durante operativos policiales en diferentes barrios se detuvo a 7 personas por violar la cuarentena vigente. Las retenciones se dieron en las siguientes calles: Ruta 16 y Pedraza, Av Espora y Ezeiza y en Rep\u00fablica Argentina y 25 de Mayo.<\/p>\n<p>Un masculino qued\u00f3 aprehendido por Dihel y Avenida Yrigoyen, debido al incumplimiento de un arresto domiciliario. Se los traslad\u00f3 a la comisar\u00eda 4ta. Longchamps.<\/p>\n<p>A su vez, en patrullajes por diferentes zonas de Burzaco se detuvo a cinco personas indocumentadas por no contar con el permiso de circulaci\u00f3n obligatorio. Las mismas se dieron sobre las calles Sarcione y Lavard\u00e9n, Quiroga y Loreto, Falucho y Angonelli y Goyena y Alem<\/p>\n<p>Tambi\u00e9n a un masculino que transitaba de forma sospechosa y a alta velocidad por la calle La Vincha y Humberto Primo, se le incaut\u00f3 un motoveh\u00edculo marca Motomel Skua 150 cc por no contar con los papeles necesarios y qued\u00f3 detenido por el id\u00e9ntico motivo de carecer del permiso de circulaci\u00f3n. Fueron trasladados a la seccional de esa localidad.<\/p>\n<p><img loading=\"lazy\" decoding=\"async\" class=\"alignnone size-full wp-image-33660\" src=\"https:\/\/laurbedigital.com.ar\/noticias\/wp-content\/uploads\/2020\/08\/20200822-brown1.jpg\" alt=\"\" width=\"800\" height=\"446\" title=\"\" srcset=\"https:\/\/laurbedigital.com.ar\/noticias\/wp-content\/uploads\/2020\/08\/20200822-brown1.jpg 800w, https:\/\/laurbedigital.com.ar\/noticias\/wp-content\/uploads\/2020\/08\/20200822-brown1-300x167.jpg 300w, https:\/\/laurbedigital.com.ar\/noticias\/wp-content\/uploads\/2020\/08\/20200822-brown1-768x428.jpg 768w\" sizes=\"auto, (max-width: 800px) 100vw, 800px\" \/><\/p>\n<p>Al mismo tiempo, en otro patrullaje por Adrogu\u00e9 se retuvo a tres hombres en la v\u00eda p\u00fablica que violaban la cuarentena y no contaban con documento de identidad. Las detenciones sucedieron en las calles Piedrabuena y Bouchard, Bynnon y Drumond. Se los traslad\u00f3 para fines legales a la comisar\u00eda 1ra. Adrogu\u00e9.<\/p>\n<p>En la localidad de Jos\u00e9 Marmol, el control policial detuvo a 4 hombres en las calles Ferre y Bynnon, Congreso y Fr\u00edas, Amenedo y Blanco. Todos por la falta de documentaci\u00f3n de los autom\u00f3viles y\/o motos, falta de documentaci\u00f3n personal y por circular sin el permiso obligatorio. Fueron trasladados a la comisar\u00eda 9na de J.M\u00e1rmol.<\/p>\n<p>Por otra parte en Glew, fueron detenidas 3 personas en las calles Uspallata y Orden, Castillo y Yapey\u00fa. Los motivos fueron por la falta de documentaci\u00f3n de los veh\u00edculos y no pose\u00edan el permiso de circulaci\u00f3n obligatorio, violando la cuarentena vigente. Se los traslad\u00f3 a la comisar\u00eda 7ma de dicha localidad.<\/p>\n<p>Adem\u00e1s, el personal policial se present\u00f3 en un domicilio , en el que una mujer entreg\u00f3 a su hijo por tentativa de homicidio. El joven de 18 a\u00f1os se encontraba en la estaci\u00f3n de Glew, esperando a la polic\u00eda para entregarse. R\u00e1pidamente se lo traslad\u00f3 a la comisar\u00eda, donde se mantuvo comunicaci\u00f3n con la UFI nro.4 Departamental.<\/p>\n<p>En la localidad de Claypole, se detuvo a 10 personas por no poseer el permiso de circulaci\u00f3n obligatorio, no tener la documentaci\u00f3n de los autom\u00f3viles y\/o motos, y falta de documentaci\u00f3n personal . Las detenciones se dieron en las Calles Alcorta y San Francisco de As\u00eds, Bollini y Salaberry, Reconquista y Vucetich, Av.Monteverde y Av.Eva Per\u00f3n, French y Av. Monteverde.\u00a0 Todos trasladados a la comisar\u00eda 6ta de Claypole.<\/p>\n<p>En paralelo, el personal policial se present\u00f3 por una llamado al 911 en un domicilio. La propietaria relat\u00f3 que un hombre se encontraba merodeando el patio de su casa, el cual es reconocido como su ex pareja. El acusado admiti\u00f3 ser el, intento ingresar al domicilio y se torno agresivo con la polic\u00eda. Se logr\u00f3 reducirlo y fue llevado a la comisar\u00eda 6ta de Claypole, a la espera de fines legales.<\/p>\n<p>Mientras tanto, en Malvinas Argentinas, el personal policial de la Polic\u00eda Bonaerense aprehendi\u00f3 en\u00a0 Bradley y Retiro,\u00a0 \u00c1lamo y Cairo,\u00a0 Morel y Combatiente de Malvinas y en\u00a0 Av. Monteverde y Retiro, a un total de ocho personas en distintos operativos policiales, dado que no pose\u00edan permiso de circulaci\u00f3n ni documentaci\u00f3n que acredite la titularidad de los veh\u00edculos donde se trasladaban. Por el lado de Calzada, hubo aprehensiones en las arterias de Salta y Gorriti, Falucho y San Luis, Rivadavia y Pi Margall y San Martin y Tucuman, por id\u00e9nticos motivos. Estos \u00faltimos fueron trasladados a la Cr\u00eda 5ta de Calzada a los fines legales. Por otro lado, en esta misma localidad, un operativo de control rutinario, al llegar a las arterias Balboa y Ram\u00edrez proceden a la interceptaci\u00f3n de un masculino tras considerarlo sospechoso, el mismo al ser detenido se lo identifica por tener un pedido de captura activo por robo agravado.<\/p>\n<p>Por el lado de Don Orione, tambi\u00e9n se registraron aprehensiones por falta de documentaci\u00f3n tanto personal, como del veh\u00edculo con el cual estaban violando la cuarentena:\u00a0 en las arterias Rinaldi y Cordoba, en Rio Carcara\u00f1\u00e1 y Araujo, en\u00a0 Araujo y Figueroa, en\u00a0 Lopez y Eva Peron. Tambi\u00e9n se detuvo a un hombre de 32 a\u00f1os\u00a0 en las arterias Mza. 35 y Eva Peron, quien se encontraba en su finca agrediendo a su Familia y fue denunciado por su hermano al 911.\u00a0 Por lo que es trasladado a la Cria. 8va. Don Orione a los fines legales.<\/p>\n<p>Destacamos que todos estos hechos se encuentran a disposici\u00f3n de las fiscal\u00edas pertinentes, en el orden de la v\u00eda judicial.<\/p>\n<p>\u00a0<\/p>\n<p>\u00a0<\/p>\n","protected":false},"excerpt":{"rendered":"<p>\u00a0 En el d\u00eda de ayer se registraron\u00a0 numerosos procedimientos policiales en los barrios Almirante Brown. En un destacado trabajo,<\/p>\n","protected":false},"author":1,"featured_media":33659,"comment_status":"closed","ping_status":"closed","sticky":false,"template":"","format":"standard","meta":{"kia_subtitle":"","footnotes":"","jetpack_publicize_message":"","jetpack_publicize_feature_enabled":true,"jetpack_social_post_already_shared":true,"jetpack_social_options":{"image_generator_settings":{"template":"highway","default_image_id":0,"font":"","enabled":false},"version":2}},"categories":[2,33],"tags":[],"class_list":["post-33656","post","type-post","status-publish","format-standard","has-post-thumbnail","hentry","category-alte-brown","category-alte-brown-alte-brown"],"jetpack_publicize_connections":[],"jetpack_featured_media_url":"https:\/\/laurbedigital.com.ar\/noticias\/wp-content\/uploads\/2020\/08\/20200822-brown2-1.jpg","_links":{"self":[{"href":"https:\/\/laurbedigital.com.ar\/noticias\/wp-json\/wp\/v2\/posts\/33656","targetHints":{"allow":["GET"]}}],"collection":[{"href":"https:\/\/laurbedigital.com.ar\/noticias\/wp-json\/wp\/v2\/posts"}],"about":[{"href":"https:\/\/laurbedigital.com.ar\/noticias\/wp-json\/wp\/v2\/types\/post"}],"author":[{"embeddable":true,"href":"https:\/\/laurbedigital.com.ar\/noticias\/wp-json\/wp\/v2\/users\/1"}],"replies":[{"embeddable":true,"href":"https:\/\/laurbedigital.com.ar\/noticias\/wp-json\/wp\/v2\/comments?post=33656"}],"version-history":[{"count":1,"href":"https:\/\/laurbedigital.com.ar\/noticias\/wp-json\/wp\/v2\/posts\/33656\/revisions"}],"predecessor-version":[{"id":33661,"href":"https:\/\/laurbedigital.com.ar\/noticias\/wp-json\/wp\/v2\/posts\/33656\/revisions\/33661"}],"wp:featuredmedia":[{"embeddable":true,"href":"https:\/\/laurbedigital.com.ar\/noticias\/wp-json\/wp\/v2\/media\/33659"}],"wp:attachment":[{"href":"https:\/\/laurbedigital.com.ar\/noticias\/wp-json\/wp\/v2\/media?parent=33656"}],"wp:term":[{"taxonomy":"category","embeddable":true,"href":"https:\/\/laurbedigital.com.ar\/noticias\/wp-json\/wp\/v2\/categories?post=33656"},{"taxonomy":"post_tag","embeddable":true,"href":"https:\/\/laurbedigital.com.ar\/noticias\/wp-json\/wp\/v2\/tags?post=33656"}],"curies":[{"name":"wp","href":"https:\/\/api.w.org\/{rel}","templated":true}]}}