{"id":3364,"date":"2016-05-12T01:18:05","date_gmt":"2016-05-12T04:18:05","guid":{"rendered":"http:\/\/laurbedigital.com.ar\/noticias\/?p=3364"},"modified":"2016-05-12T01:18:05","modified_gmt":"2016-05-12T04:18:05","slug":"el-municipio-inicio-el-ciclo-de-cine-debate-sobre-la-ultima-dictadura-y-la-guerra-de-malvinas-en-las-escuelas-de-brown","status":"publish","type":"post","link":"https:\/\/laurbedigital.com.ar\/noticias\/2016\/05\/12\/el-municipio-inicio-el-ciclo-de-cine-debate-sobre-la-ultima-dictadura-y-la-guerra-de-malvinas-en-las-escuelas-de-brown\/","title":{"rendered":"El Municipio inici\u00f3 el ciclo de cine-debate sobre la \u00faltima dictadura y la guerra de Malvinas en las escuelas de Brown"},"content":{"rendered":"<p>Bajo el lema \u201cMemoria, Verdad, Justicia y Malvinas\u201d, el Municipio de Almirante Brown puso en marcha el ciclo de cine y charla-debate abierto a la comunidad adolescente para promover la reflexi\u00f3n sobre la \u00faltima dictadura militar y respecto del rol de los j\u00f3venes durante la Guerra de Malvinas y en la actualidad.<\/p>\n<p>Las jornadas, impulsadas por la Secretar\u00eda de Desarrollo, Seguridad Social y Derechos Humanos a trav\u00e9s de la Direcci\u00f3n de Juventud junto a la Subsecretar\u00eda de Educaci\u00f3n, se desarrollan en instituciones secundarias del Partido. Adem\u00e1s de una charla con el veterano de guerra Francisco Marcovich, durante el encuentro se proyectan los cortos \u00abTodo por ella\u00bb y \u00abPodr\u00eda ser hoy\u201d, que sirven como disparador para el debate. La EscuelaN\u00ba 57, de Glew, y la Secundaria N\u00ba 6, de Burzaco, ya participaron del ciclo; y esta semana el encuentro tendr\u00e1 lugar en la T\u00e9cnica N\u00ba 1, de Longchamps.<\/p>\n<p>Al respecto, Germ\u00e1n Bonnemez\u00f3n, secretario de Desarrollo Social del Municipio, sostuvo: \u201cNuestra juventud es el futuro, por eso es fundamental que conozcan nuestra historia y los errores que no queremos que vuelvan a repetirse jam\u00e1s, fomentando en ellos la reflexi\u00f3n y la participaci\u00f3n democr\u00e1tica en un espacio donde pueden expresarse y preguntar libremente sus inquietudes\u201d.<\/p>\n<p>Marcovich, quien est\u00e1 a cargo de las charlas-debate, manifest\u00f3: \u201cPersonalmente, hacer esto me llena y trato de sembrar en los chicos la conciencia de lo que fue la Guerra. Los cortometrajes fueron hechos a pulm\u00f3n por veteranos de toda la Provincia y la idea es fomentar el nacionalismo, el amor a nuestra tierra y el respeto a la vida\u201d.<\/p>\n","protected":false},"excerpt":{"rendered":"<p>Bajo el lema \u201cMemoria, Verdad, Justicia y Malvinas\u201d, el Municipio de Almirante Brown puso en marcha el ciclo de cine<\/p>\n","protected":false},"author":1,"featured_media":3365,"comment_status":"closed","ping_status":"closed","sticky":false,"template":"","format":"standard","meta":{"kia_subtitle":"","footnotes":"","jetpack_publicize_message":"","jetpack_publicize_feature_enabled":true,"jetpack_social_post_already_shared":true,"jetpack_social_options":{"image_generator_settings":{"template":"highway","default_image_id":0,"font":"","enabled":false},"version":2}},"categories":[33,2],"tags":[],"class_list":["post-3364","post","type-post","status-publish","format-standard","has-post-thumbnail","hentry","category-alte-brown-alte-brown","category-alte-brown"],"jetpack_publicize_connections":[],"jetpack_featured_media_url":"https:\/\/laurbedigital.com.ar\/noticias\/wp-content\/uploads\/2016\/05\/20160511-brown3.jpg","_links":{"self":[{"href":"https:\/\/laurbedigital.com.ar\/noticias\/wp-json\/wp\/v2\/posts\/3364","targetHints":{"allow":["GET"]}}],"collection":[{"href":"https:\/\/laurbedigital.com.ar\/noticias\/wp-json\/wp\/v2\/posts"}],"about":[{"href":"https:\/\/laurbedigital.com.ar\/noticias\/wp-json\/wp\/v2\/types\/post"}],"author":[{"embeddable":true,"href":"https:\/\/laurbedigital.com.ar\/noticias\/wp-json\/wp\/v2\/users\/1"}],"replies":[{"embeddable":true,"href":"https:\/\/laurbedigital.com.ar\/noticias\/wp-json\/wp\/v2\/comments?post=3364"}],"version-history":[{"count":1,"href":"https:\/\/laurbedigital.com.ar\/noticias\/wp-json\/wp\/v2\/posts\/3364\/revisions"}],"predecessor-version":[{"id":3366,"href":"https:\/\/laurbedigital.com.ar\/noticias\/wp-json\/wp\/v2\/posts\/3364\/revisions\/3366"}],"wp:featuredmedia":[{"embeddable":true,"href":"https:\/\/laurbedigital.com.ar\/noticias\/wp-json\/wp\/v2\/media\/3365"}],"wp:attachment":[{"href":"https:\/\/laurbedigital.com.ar\/noticias\/wp-json\/wp\/v2\/media?parent=3364"}],"wp:term":[{"taxonomy":"category","embeddable":true,"href":"https:\/\/laurbedigital.com.ar\/noticias\/wp-json\/wp\/v2\/categories?post=3364"},{"taxonomy":"post_tag","embeddable":true,"href":"https:\/\/laurbedigital.com.ar\/noticias\/wp-json\/wp\/v2\/tags?post=3364"}],"curies":[{"name":"wp","href":"https:\/\/api.w.org\/{rel}","templated":true}]}}