{"id":3361,"date":"2016-05-12T01:10:36","date_gmt":"2016-05-12T04:10:36","guid":{"rendered":"http:\/\/laurbedigital.com.ar\/noticias\/?p=3361"},"modified":"2016-05-12T01:10:36","modified_gmt":"2016-05-12T04:10:36","slug":"bautizaron-con-el-nombre-de-crucero-general-belgrano-a-una-plaza-del-barrio-rayo-de-sol-de-longchamps","status":"publish","type":"post","link":"https:\/\/laurbedigital.com.ar\/noticias\/2016\/05\/12\/bautizaron-con-el-nombre-de-crucero-general-belgrano-a-una-plaza-del-barrio-rayo-de-sol-de-longchamps\/","title":{"rendered":"Bautizaron con el nombre de  \u201cCrucero General Belgrano\u201d a una plaza del Barrio Rayo de Sol de  Longchamps"},"content":{"rendered":"<p>Con presencia de sobrevivientes del ataque al Crucero ARA General Belgrano y ex combatientes de Malvinas, autoridades municipales encabezaron el acto de imposici\u00f3n del nombre \u201cCrucero ARA General Belgrano\u201d y la puesta en valor de la plaza ubicada en las calles Rosario y Paran\u00e1\u00a0 del barrio Rayo del Sol de Longchamps.<\/p>\n<p>El homenaje se realiz\u00f3 tras la aprobaci\u00f3n en el Honorable Concejo Deliberante de Almirante Brown de la ordenanza 10.073 en memoria del episodio ocurrido el 2 de mayo de 1982, durante la Guerra de Malvinas, cuando un buque ingl\u00e9s torpede\u00f3 y hundi\u00f3 fuera del \u00e1rea del exclusi\u00f3n b\u00e9lica a la embarcaci\u00f3n argentina y dej\u00f3 un total de 323 fallecidos, entre ellos dos vecinos de Almirante Brown: Aldo Moreno y Oscar Chaile.<\/p>\n<p>El intendente municipal Mariano Cascallares encabez\u00f3 el homenaje\u00a0 junto al titular del Bloque FPV del Concejo Deliberante, Jos\u00e9 Lepere; el secretario de Desarrollo, Seguridad Social y Derechos Humanos, Germ\u00e1n Bonnemez\u00f3n; el secretario de Gesti\u00f3n Descentralizada y Gesti\u00f3n Urbana, Marcelo Latour; el delegado municipal de Longchamps, Jos\u00e9 Mar\u00eda Vera; funcionarios, concejales, consejeros escolares, sobrevivientes de la embarcaci\u00f3n, entre ellos, el coordinador municipal de los excombatientes de Malvinas, Jos\u00e9 Luis Ferreira, Fernando Palacios y Guillermo Carro; veteranos de guerra y miembros de instituciones locales.<\/p>\n<p>En la ocasi\u00f3n, se descubrieron placas alusivas debajo del monumento al Crucero realizado por el artista y ciudadano ilustre del distrito, Oscar Rivera. Tambi\u00e9n se coloc\u00f3 una ofrenda floral y se realiz\u00f3 un minuto de silencio en memoria de los ca\u00eddos en el tr\u00e1gico acontecimiento.<br \/>\nCascallares destac\u00f3 \u201cla necesidad de la comunidad de Brown &#8211; que siempre ha sido \u2018Malvinera\u2019- de contar con una plaza que homenajeara a las v\u00edctimas del desleal ataque al Crucero General Belgrano\u201d.<\/p>\n<p>Asimismo, expres\u00f3 que \u201clos valores de compromiso patri\u00f3tico y esfuerzo de los h\u00e9roes de Malvinas deben trasladarse a la comunidad y especialmente a los chicos\u201d y, en este sentido,\u00a0 \u201ces fundamental el trabajo de los excombatientes\u00a0 que acompa\u00f1a el Municipio, compartiendo videos en los establecimientos educativos y contando sus experiencias,\u201d.<\/p>\n<p>Ferreyra, por su parte, rememor\u00f3 los hechos de aquella tarde del 2 de mayo de 1982, y valor\u00f3 la \u201cmalvinizaci\u00f3n\u201d que fue llev\u00e1ndose a cabo en el distrito, primero en contar con un monumento al Crucero General Belgrano-en la Plaza Brown de Adrogu\u00e9- adem\u00e1s del Monumento al Soldado, en la localidad de Malvinas Argentinas; aparte de la imposici\u00f3n de nombres alusivos en escuelas del distrito, que cuenta con 425 veteranos y 4 ca\u00eddos en el conflicto b\u00e9lico en el Atl\u00e1ntico Sur.<\/p>\n","protected":false},"excerpt":{"rendered":"<p>Con presencia de sobrevivientes del ataque al Crucero ARA General Belgrano y ex combatientes de Malvinas, autoridades municipales encabezaron el<\/p>\n","protected":false},"author":1,"featured_media":3362,"comment_status":"closed","ping_status":"closed","sticky":false,"template":"","format":"standard","meta":{"kia_subtitle":"","footnotes":"","jetpack_publicize_message":"","jetpack_publicize_feature_enabled":true,"jetpack_social_post_already_shared":true,"jetpack_social_options":{"image_generator_settings":{"template":"highway","default_image_id":0,"font":"","enabled":false},"version":2}},"categories":[33,2],"tags":[],"class_list":["post-3361","post","type-post","status-publish","format-standard","has-post-thumbnail","hentry","category-alte-brown-alte-brown","category-alte-brown"],"jetpack_publicize_connections":[],"jetpack_featured_media_url":"https:\/\/laurbedigital.com.ar\/noticias\/wp-content\/uploads\/2016\/05\/20160511-brown2.jpg","_links":{"self":[{"href":"https:\/\/laurbedigital.com.ar\/noticias\/wp-json\/wp\/v2\/posts\/3361","targetHints":{"allow":["GET"]}}],"collection":[{"href":"https:\/\/laurbedigital.com.ar\/noticias\/wp-json\/wp\/v2\/posts"}],"about":[{"href":"https:\/\/laurbedigital.com.ar\/noticias\/wp-json\/wp\/v2\/types\/post"}],"author":[{"embeddable":true,"href":"https:\/\/laurbedigital.com.ar\/noticias\/wp-json\/wp\/v2\/users\/1"}],"replies":[{"embeddable":true,"href":"https:\/\/laurbedigital.com.ar\/noticias\/wp-json\/wp\/v2\/comments?post=3361"}],"version-history":[{"count":1,"href":"https:\/\/laurbedigital.com.ar\/noticias\/wp-json\/wp\/v2\/posts\/3361\/revisions"}],"predecessor-version":[{"id":3363,"href":"https:\/\/laurbedigital.com.ar\/noticias\/wp-json\/wp\/v2\/posts\/3361\/revisions\/3363"}],"wp:featuredmedia":[{"embeddable":true,"href":"https:\/\/laurbedigital.com.ar\/noticias\/wp-json\/wp\/v2\/media\/3362"}],"wp:attachment":[{"href":"https:\/\/laurbedigital.com.ar\/noticias\/wp-json\/wp\/v2\/media?parent=3361"}],"wp:term":[{"taxonomy":"category","embeddable":true,"href":"https:\/\/laurbedigital.com.ar\/noticias\/wp-json\/wp\/v2\/categories?post=3361"},{"taxonomy":"post_tag","embeddable":true,"href":"https:\/\/laurbedigital.com.ar\/noticias\/wp-json\/wp\/v2\/tags?post=3361"}],"curies":[{"name":"wp","href":"https:\/\/api.w.org\/{rel}","templated":true}]}}