{"id":33431,"date":"2020-08-19T14:16:51","date_gmt":"2020-08-19T17:16:51","guid":{"rendered":"https:\/\/laurbedigital.com.ar\/noticias\/?p=33431"},"modified":"2020-08-19T14:16:51","modified_gmt":"2020-08-19T17:16:51","slug":"jugadores-de-futbol-se-sumaron-a-la-campana-de-concientizacion-por-la-covid-19","status":"publish","type":"post","link":"https:\/\/laurbedigital.com.ar\/noticias\/2020\/08\/19\/jugadores-de-futbol-se-sumaron-a-la-campana-de-concientizacion-por-la-covid-19\/","title":{"rendered":"Jugadores de f\u00fatbol se sumaron a la campa\u00f1a de concientizaci\u00f3n por la Covid-19"},"content":{"rendered":"<p>\u00a0<\/p>\n<h5>\u201cHay que tener un poco m\u00e1s de aguante. Segu\u00ed cuid\u00e1ndote\u201d, expresan los jugadores de Racing, Lan\u00fas, Independiente y River.<\/h5>\n<p>Iv\u00e1n Pillud, Gabriel Arias, Lautaro Acosta, Alan Franco, Javier Pinola y el \u00e1rbitro Patricio Loustau participaron de la campa\u00f1a de concientizaci\u00f3n para frenar los contagios de covid-19, que se inici\u00f3 el 3 de agosto en los medios p\u00fablicos.<\/p>\n<p><em>\u201cHay que tener un poco m\u00e1s de aguante. Segu\u00ed cuid\u00e1ndote\u201d,<\/em> expresan los jugadores de Racing, Lan\u00fas, Independiente y River.<\/p>\n<p>El objetivo es apelar a la responsabilidad individual e insistir en la importancia de evitar los encuentros entre familiares y amigos, que han sido identificados como uno de los factores de expansi\u00f3n de la enfermedad en esta etapa de la pandemia en Argentina.<\/p>\n<p><iframe loading=\"lazy\" src=\"https:\/\/www.youtube.com\/embed\/HC-EtKppytQ\" width=\"873\" height=\"491\" frameborder=\"0\" allowfullscreen=\"allowfullscreen\"><\/iframe><\/p>\n<p>La campa\u00f1a, transmitida por la TV P\u00fablica, Radio Nacional, T\u00e9lam, Encuentro, Paka Paka y Contar, convoc\u00f3 a personalidades populares y cont\u00f3 con la colaboraci\u00f3n de la Sociedad Argentina de Gesti\u00f3n de Actores Int\u00e9rpretes (SAGAI).<\/p>\n<p>Los que ya pusieron imagen a esta serie de spots fueron: Chango Spasiuk, Tom\u00e1s Fonzi. Luis Mach\u00edn, Julieta Zylberberg, Fabi\u00e1n Vena, Leonardo Sbaraglia, Mirta Wons, Martina Dominici, G Sony, Barbi Recanati, Malena Solda, Laura Cymer, \u00c1ngela Lerena, Iv\u00e1n Noble, Juan Leyrado, Pompeyo Audivert, Ingrid Pelicori y Esteban Lamothe.<\/p>\n<p>\u00a0<\/p>\n<p>\u00a0<\/p>\n","protected":false},"excerpt":{"rendered":"<p>\u00a0 \u201cHay que tener un poco m\u00e1s de aguante. Segu\u00ed cuid\u00e1ndote\u201d, expresan los jugadores de Racing, Lan\u00fas, Independiente y River.<\/p>\n","protected":false},"author":1,"featured_media":0,"comment_status":"closed","ping_status":"closed","sticky":false,"template":"","format":"standard","meta":{"kia_subtitle":"","footnotes":"","jetpack_publicize_message":"","jetpack_publicize_feature_enabled":true,"jetpack_social_post_already_shared":true,"jetpack_social_options":{"image_generator_settings":{"template":"highway","default_image_id":0,"font":"","enabled":false},"version":2}},"categories":[4,28],"tags":[],"class_list":["post-33431","post","type-post","status-publish","format-standard","hentry","category-deporte","category-futbol"],"jetpack_publicize_connections":[],"jetpack_featured_media_url":"","_links":{"self":[{"href":"https:\/\/laurbedigital.com.ar\/noticias\/wp-json\/wp\/v2\/posts\/33431","targetHints":{"allow":["GET"]}}],"collection":[{"href":"https:\/\/laurbedigital.com.ar\/noticias\/wp-json\/wp\/v2\/posts"}],"about":[{"href":"https:\/\/laurbedigital.com.ar\/noticias\/wp-json\/wp\/v2\/types\/post"}],"author":[{"embeddable":true,"href":"https:\/\/laurbedigital.com.ar\/noticias\/wp-json\/wp\/v2\/users\/1"}],"replies":[{"embeddable":true,"href":"https:\/\/laurbedigital.com.ar\/noticias\/wp-json\/wp\/v2\/comments?post=33431"}],"version-history":[{"count":1,"href":"https:\/\/laurbedigital.com.ar\/noticias\/wp-json\/wp\/v2\/posts\/33431\/revisions"}],"predecessor-version":[{"id":33433,"href":"https:\/\/laurbedigital.com.ar\/noticias\/wp-json\/wp\/v2\/posts\/33431\/revisions\/33433"}],"wp:attachment":[{"href":"https:\/\/laurbedigital.com.ar\/noticias\/wp-json\/wp\/v2\/media?parent=33431"}],"wp:term":[{"taxonomy":"category","embeddable":true,"href":"https:\/\/laurbedigital.com.ar\/noticias\/wp-json\/wp\/v2\/categories?post=33431"},{"taxonomy":"post_tag","embeddable":true,"href":"https:\/\/laurbedigital.com.ar\/noticias\/wp-json\/wp\/v2\/tags?post=33431"}],"curies":[{"name":"wp","href":"https:\/\/api.w.org\/{rel}","templated":true}]}}