{"id":33357,"date":"2020-08-18T14:30:39","date_gmt":"2020-08-18T17:30:39","guid":{"rendered":"https:\/\/laurbedigital.com.ar\/noticias\/?p=33357"},"modified":"2020-08-18T14:30:39","modified_gmt":"2020-08-18T17:30:39","slug":"la-perito-de-la-querella-dijo-que-la-identificacion-del-cuerpo-puede-demandar-60-dias","status":"publish","type":"post","link":"https:\/\/laurbedigital.com.ar\/noticias\/2020\/08\/18\/la-perito-de-la-querella-dijo-que-la-identificacion-del-cuerpo-puede-demandar-60-dias\/","title":{"rendered":"La perito de la querella dijo que la identificaci\u00f3n del cuerpo puede demandar 60 d\u00edas"},"content":{"rendered":"<p>\u00a0<\/p>\n<h5>Por otro lado, consider\u00f3 \u00abllamativo\u00bb el hecho de que la autopsia reci\u00e9n comience el 25 de agosto pr\u00f3ximo y que a\u00fan la jueza federal bahiense Mar\u00eda Gabriela Marr\u00f3n no haya firmado su aceptaci\u00f3n como perito de parte.<\/h5>\n<p>La perito de Virginia Creimer, convocada por la familia de Facundo Astudillo Castro para intervenir en la causa por su desaparici\u00f3n, estim\u00f3 este martes que la identificaci\u00f3n completa de los restos hallados en la localidad bonaerense de General Daniel Cerri puede demandar <em><strong>\u00abentre 30 y 60 d\u00edas\u00bb.<\/strong><\/em><\/p>\n<p>Adem\u00e1s, consider\u00f3<em><strong> \u00abllamativo\u00bb<\/strong><\/em> el hecho de que la autopsia reci\u00e9n comience el 25 de agosto pr\u00f3ximo y que a\u00fan la jueza federal bahiense Mar\u00eda Gabriela Marr\u00f3n no haya firmado su aceptaci\u00f3n como perito de parte.<\/p>\n<p><em>\u00abSe ha pasado la autopsia de una forma que nos llam\u00f3 la atenci\u00f3n, nos enteramos antes por los medios que por le fiscal\u00bb, dijo Creimer en di\u00e1logo con radio Continental, al expresar que eso provoca \u00abel sufrimiento de esta mam\u00e1 (Cristina Castro) o de la mam\u00e1 del cuerpo encontrado\u00bb.<\/em><\/p>\n<p>Consultada sobre las tareas cient\u00edficas que deber\u00e1n desplegarse para determinar a qui\u00e9n pertenecen los restos, la perito dijo que \u00aben este caso, y atento al estado del cuerpo hallado, va a a ser muy dif\u00edcil establecer a trav\u00e9s de una autopsia a ojo desnudo que sea Facundo\u00bb.<\/p>\n<p><em>\u00abLos procesos que van acompa\u00f1ando a la autopsia, los estudios complementarios, como por ejemplo el de ADN, seguramente ser\u00e1n confirmatorios. Para eso, como se trata de un esqueleto esquelitizado, lo significa que no tiene ninguna parte blanda, lo cual resulta tambi\u00e9n llamativo, el proceso hay que utilizar es un poco mas complejo al que el que se utiliza para extraer ADN mediante un hisopado, un mech\u00f3n de cabello o a una muestra de sangre, calculo que llevar\u00e1 entre 30 y 60 d\u00edas reunirnos en ateneo todos los peritos que hayamos intervenido\u00bb,<\/em> estim\u00f3.<\/p>\n<p>Si bien Creimer prefiri\u00f3 no dar detalles sobre el cuerpo hallado <em>\u00abpara proteger a la familia\u00bb,<\/em> al ser consultada sobre el supuesto faltante de los miembros superiores, explic\u00f3 que en general esa circunstancia suele afectar la tarea desde el punto de vista cient\u00edfico.<\/p>\n<p>\u00abDesde el punto de vista cient\u00edfico, la inexistencia de los brazos obstruye no solo la posibilidad de encontrar m\u00e9todos de sujeci\u00f3n sino tener las manos, que es lo primero que se busca para la identificaci\u00f3n dactilar\u00bb, expres\u00f3 la perito.<\/p>\n<p>Sobre si el cuerpo encontrado fue <strong>\u00abplantado\u00bb<\/strong> en el lugar, como cree la mam\u00e1 de Facundo y sus abogados, Creimer dijo que eso se podr\u00e1 determinar <em>\u00aba partir del an\u00e1lisis del suelo y clim\u00e1tico\u00bb,<\/em> al tiempo que destac\u00f3 que <em>\u00abhay otros factores muy importantes (de an\u00e1lisis) como marcas de una camioneta cerca del lugar donde se encuentra el cuerpo y la zapatilla intacta, indemne, sin restos de salitre, que se encuentra al lado del cad\u00e1ver\u00bb.<\/em><\/p>\n<p>La forense dijo que le preocupa que a\u00fan la Justicia no haya aprobado formalmente su ingreso a la causa: <em>\u00abLa querella me ha propuesto pero la jueza no ha aprobado mi ingreso. Por lo pronto no puedo controlar que este cuerpo hallado se encuentre con una cadena de custodia, en un lugar seguro precintado y fajado con la firma de los abogados de la querella y el fiscal y en cualquier peritaci\u00f3n que se realizara en el medio no puedo participar, eso me est\u00e1 limitando\u00bb.<\/em><\/p>\n<p>El cad\u00e1ver esqueletizado que fue levantado de un cangrejal el s\u00e1bado permanece en los laboratorios del Equipo Argentino de Antropolog\u00eda Forenses (EAAF) del barrio porte\u00f1o de N\u00fa\u00f1ez, cuyos peritos fueron oficialmente designados para la autopsia, junto a expertos de la Corte Suprema de Justicia de la Naci\u00f3n.<\/p>\n<p>Ayer, la madre de Facundo, asegur\u00f3 que est\u00e1 convencida de que los restos pertenecen a su hijo y reiter\u00f3 que cree que el cuerpo fue <strong>\u00abplantado\u00bb<\/strong> por la polic\u00eda bonaerense.<\/p>\n<p>Facundo, de 22 a\u00f1os, desapareci\u00f3 el 30 de abril \u00faltimo cuando, en plena cuarentena, se fue de su casa de la localidad de Pedro Luro rumbo a Bah\u00eda Blanca y fue retenido en un control policial.<\/p>\n<p>\u00a0<\/p>\n<p>\u00a0<\/p>\n","protected":false},"excerpt":{"rendered":"<p>\u00a0 Por otro lado, consider\u00f3 \u00abllamativo\u00bb el hecho de que la autopsia reci\u00e9n comience el 25 de agosto pr\u00f3ximo y<\/p>\n","protected":false},"author":1,"featured_media":33360,"comment_status":"closed","ping_status":"closed","sticky":false,"template":"","format":"standard","meta":{"kia_subtitle":"","footnotes":"","jetpack_publicize_message":"","jetpack_publicize_feature_enabled":true,"jetpack_social_post_already_shared":true,"jetpack_social_options":{"image_generator_settings":{"template":"highway","default_image_id":0,"font":"","enabled":false},"version":2}},"categories":[8],"tags":[],"class_list":["post-33357","post","type-post","status-publish","format-standard","has-post-thumbnail","hentry","category-policiales"],"jetpack_publicize_connections":[],"jetpack_featured_media_url":"https:\/\/laurbedigital.com.ar\/noticias\/wp-content\/uploads\/2020\/08\/20200818-facundo-1.jpg","_links":{"self":[{"href":"https:\/\/laurbedigital.com.ar\/noticias\/wp-json\/wp\/v2\/posts\/33357","targetHints":{"allow":["GET"]}}],"collection":[{"href":"https:\/\/laurbedigital.com.ar\/noticias\/wp-json\/wp\/v2\/posts"}],"about":[{"href":"https:\/\/laurbedigital.com.ar\/noticias\/wp-json\/wp\/v2\/types\/post"}],"author":[{"embeddable":true,"href":"https:\/\/laurbedigital.com.ar\/noticias\/wp-json\/wp\/v2\/users\/1"}],"replies":[{"embeddable":true,"href":"https:\/\/laurbedigital.com.ar\/noticias\/wp-json\/wp\/v2\/comments?post=33357"}],"version-history":[{"count":1,"href":"https:\/\/laurbedigital.com.ar\/noticias\/wp-json\/wp\/v2\/posts\/33357\/revisions"}],"predecessor-version":[{"id":33361,"href":"https:\/\/laurbedigital.com.ar\/noticias\/wp-json\/wp\/v2\/posts\/33357\/revisions\/33361"}],"wp:featuredmedia":[{"embeddable":true,"href":"https:\/\/laurbedigital.com.ar\/noticias\/wp-json\/wp\/v2\/media\/33360"}],"wp:attachment":[{"href":"https:\/\/laurbedigital.com.ar\/noticias\/wp-json\/wp\/v2\/media?parent=33357"}],"wp:term":[{"taxonomy":"category","embeddable":true,"href":"https:\/\/laurbedigital.com.ar\/noticias\/wp-json\/wp\/v2\/categories?post=33357"},{"taxonomy":"post_tag","embeddable":true,"href":"https:\/\/laurbedigital.com.ar\/noticias\/wp-json\/wp\/v2\/tags?post=33357"}],"curies":[{"name":"wp","href":"https:\/\/api.w.org\/{rel}","templated":true}]}}