{"id":33026,"date":"2020-08-12T18:56:11","date_gmt":"2020-08-12T21:56:11","guid":{"rendered":"https:\/\/laurbedigital.com.ar\/noticias\/?p=33026"},"modified":"2020-08-12T19:11:10","modified_gmt":"2020-08-12T22:11:10","slug":"33026","status":"publish","type":"post","link":"https:\/\/laurbedigital.com.ar\/noticias\/2020\/08\/12\/33026\/","title":{"rendered":"El Municipio destac\u00f3 informe que muestra signos de recuperaci\u00f3n de la econom\u00eda"},"content":{"rendered":"<p>&nbsp;<\/p>\n<h5 style=\"font-weight: 400;\">Si bien reconoci\u00f3 el alcance de las dificultades que surgen de la pandemia de Coronavirus, el Municipio de Almirante Brown ponder\u00f3 un informe oficial del Ministerio de Desarrollo Productivo de la Naci\u00f3n que concluye que \u00abla Econom\u00eda Argentina ingres\u00f3 en el segundo semestre del a\u00f1o 2020 con algunos signos de recuperaci\u00f3n mayores a los esperados\u00bb.<\/h5>\n<p style=\"font-weight: 400;\">El estudio de la evoluci\u00f3n de la actividad econ\u00f3mica se divide por rubros, compara la situaci\u00f3n argentina con la de otros pa\u00edses, e incluye un Sem\u00e1foro de la Econom\u00eda real para medir como se va dando el proceso de recuperaci\u00f3n especialmente durante junio y julio.<\/p>\n<p style=\"font-weight: 400;\">Varios factores evidencian una reactivaci\u00f3n industrial y econ\u00f3mica. Aunque con cautela por el contexto, es importante ir tomando nota de estos n\u00fameros esperanzadores para nuestro pa\u00eds, a saber:<\/p>\n<p>+ La actividad industrial registr\u00f3 una mejora importante: pas\u00f3 de caer un 26,2% interanual en mayo, a un 6,6% en junio.<\/p>\n<p>+ La producci\u00f3n automotr\u00edz, que hab\u00eda descendido al 34% interanual en junio, se ubic\u00f3 en niveles prepandemia en julio (-1,5% interanual).<\/p>\n<p>+ El \u00cdndice Construya experiment\u00f3 un alza interanual del 13,6% en julio, y se ubic\u00f3 en el mayor nivel desde abril de 2018.<\/p>\n<p>+ El consumo de energ\u00eda de la industria (proporcionado por CAMMESA), tras estancarse en la primera quincena de junio, repunt\u00f3 nuevamente a partir del 20. En las \u00faltimas dos semanas hab\u00eda vuelto a los niveles prepandemia (incluso con una expansi\u00f3n del 2,5% interanual).<\/p>\n<p>+ La producci\u00f3n de la industria alimenticia creci\u00f3 en junio un 4,8% (es alrededor del 30% del PBI Industrial).<\/p>\n<p>+ Se observa una importante demanda de biene durables ligados al hogar, producto de que las personas pasan m\u00e1s tiempo en sus casas.<\/p>\n<p>+ El Agro est\u00e1 traccionando a sus proveedores. Por ejemplo la fabricaci\u00f3n de maquinaria agr\u00edcola creci\u00f3 un 28,4% interanual en junio, lo que impact\u00f3 positivamente en la industria metal\u00fargica.<\/p>\n<p>+ Finalmente, las ventas con Ahora 12 mostraron un crecimiento en julio respecto de junio del 8,7% y se ubicaron en niveles similares a los de la prepandemia.<\/p>\n<p>En medio de la pandemia y la debacle econ\u00f3mica mundial, los datos son alentadores. La apertura de actividades econ\u00f3micas y el repunte de ciertos tipos de consumo contin\u00faan siendo signos positivos, que podr\u00edan ir transform\u00e1ndose en los primeros s\u00edntomas de una recuperaci\u00f3n que ya no se vislumbra tan lejana.<\/p>\n<p>&nbsp;<\/p>\n<p>&nbsp;<\/p>\n","protected":false},"excerpt":{"rendered":"<p>&nbsp; Si bien reconoci\u00f3 el alcance de las dificultades que surgen de la pandemia de Coronavirus, el Municipio de Almirante<\/p>\n","protected":false},"author":1,"featured_media":33027,"comment_status":"closed","ping_status":"closed","sticky":false,"template":"","format":"standard","meta":{"kia_subtitle":"","footnotes":"","jetpack_publicize_message":"","jetpack_publicize_feature_enabled":true,"jetpack_social_post_already_shared":true,"jetpack_social_options":{"image_generator_settings":{"template":"highway","default_image_id":0,"font":"","enabled":false},"version":2}},"categories":[2,33],"tags":[],"class_list":["post-33026","post","type-post","status-publish","format-standard","has-post-thumbnail","hentry","category-alte-brown","category-alte-brown-alte-brown"],"jetpack_publicize_connections":[],"jetpack_featured_media_url":"https:\/\/laurbedigital.com.ar\/noticias\/wp-content\/uploads\/2020\/08\/20200812-brown-parque-industrial-burzaco.jpg","_links":{"self":[{"href":"https:\/\/laurbedigital.com.ar\/noticias\/wp-json\/wp\/v2\/posts\/33026","targetHints":{"allow":["GET"]}}],"collection":[{"href":"https:\/\/laurbedigital.com.ar\/noticias\/wp-json\/wp\/v2\/posts"}],"about":[{"href":"https:\/\/laurbedigital.com.ar\/noticias\/wp-json\/wp\/v2\/types\/post"}],"author":[{"embeddable":true,"href":"https:\/\/laurbedigital.com.ar\/noticias\/wp-json\/wp\/v2\/users\/1"}],"replies":[{"embeddable":true,"href":"https:\/\/laurbedigital.com.ar\/noticias\/wp-json\/wp\/v2\/comments?post=33026"}],"version-history":[{"count":2,"href":"https:\/\/laurbedigital.com.ar\/noticias\/wp-json\/wp\/v2\/posts\/33026\/revisions"}],"predecessor-version":[{"id":33029,"href":"https:\/\/laurbedigital.com.ar\/noticias\/wp-json\/wp\/v2\/posts\/33026\/revisions\/33029"}],"wp:featuredmedia":[{"embeddable":true,"href":"https:\/\/laurbedigital.com.ar\/noticias\/wp-json\/wp\/v2\/media\/33027"}],"wp:attachment":[{"href":"https:\/\/laurbedigital.com.ar\/noticias\/wp-json\/wp\/v2\/media?parent=33026"}],"wp:term":[{"taxonomy":"category","embeddable":true,"href":"https:\/\/laurbedigital.com.ar\/noticias\/wp-json\/wp\/v2\/categories?post=33026"},{"taxonomy":"post_tag","embeddable":true,"href":"https:\/\/laurbedigital.com.ar\/noticias\/wp-json\/wp\/v2\/tags?post=33026"}],"curies":[{"name":"wp","href":"https:\/\/api.w.org\/{rel}","templated":true}]}}