{"id":32765,"date":"2020-08-08T14:39:09","date_gmt":"2020-08-08T17:39:09","guid":{"rendered":"https:\/\/laurbedigital.com.ar\/noticias\/?p=32765"},"modified":"2020-08-08T14:39:09","modified_gmt":"2020-08-08T17:39:09","slug":"ostanelli-es-muy-importante-tener-una-fecha-para-la-vuelta","status":"publish","type":"post","link":"https:\/\/laurbedigital.com.ar\/noticias\/2020\/08\/08\/ostanelli-es-muy-importante-tener-una-fecha-para-la-vuelta\/","title":{"rendered":"Ostanelli: \u201cEs muy importante tener una fecha para la vuelta\u201d"},"content":{"rendered":"<p>&nbsp;<\/p>\n<h5>Gabriel Ostanelli, presidente de San Mart\u00edn, se refiri\u00f3 al regreso a los entrenamientos dentro de un mes, los testeos a realizar y la continuidad de la Primera C.<\/h5>\n<p>Con la fecha ya confirmada para la vuelta a los entrenamientos, hoy todo se centra en lo que suceder\u00e1 dentro de un mes cuando los equipos de la Primera C, en este caso San Mart\u00edn de Burzaco.<\/p>\n<p><em>\u201cEstamos preparados como para cumplir todo el tema del protocolo, tenemos los lugares de entrenamientos, estamos bien con eso\u201d,<\/em> sostuvo en principio sobre la infraestructura necesaria seg\u00fan los protocolos a cumplir establecidos por AFA Y aprobados por el Ministerio de Salud.<\/p>\n<p>En cuanto a la fecha, el mandam\u00e1s del Azul admiti\u00f3: \u201c<em>Era algo que se ven\u00eda manifestando, pero faltaba que saliera. No es que nos pod\u00eda tomar por sorpresa porque era algo que se ven\u00eda llevando por debajo y uno m\u00e1s o menos pod\u00eda ir sabiendo que pod\u00eda ser as\u00ed. Nos viene bien tener una fecha, es muy importante\u201d.<\/em><\/p>\n<p>Por otra parte, se refiri\u00f3 al tema testeos y qui\u00e9n se har\u00e1 cargo de cubrir los costos.<em> \u201cPor lo que tenemos entendido, los va a realizar todos AFA. Los clubes no contar\u00e1n con ese inconveniente, porque los suministra la Asociaci\u00f3n del F\u00fatbol Argentino\u201d,<\/em> dijo. Y en caso que no lo fuera, advirti\u00f3:<em> \u201cSi lo tuviera que hacer cada club, te aseguro que no lo puede afrontar nadie, o muy pocos clubes. Es un alivio muy grande\u201d.<\/em><\/p>\n<p>Y por \u00faltimo, opin\u00f3 sobre la resoluci\u00f3n de definir todo por Reducido. \u201c<em>Esto est\u00e1 por verse, la forma que se va a realizar, normalizar el tema de qui\u00e9nes jugar\u00edan una final o no, en este caso Ca\u00f1uelas y suponemos Deportivo Merlo\u201d,<\/em> indic\u00f3. Y Ostanelli cerr\u00f3:<em> \u201cPara m\u00ed un Reducido habr\u00eda que hacerlo con todos los equipos, no es un Reducido de seis sino no arrancar\u00eda el 7 de septiembre\u201d.<\/em><\/p>\n<h6><em><\/p>\n<p><\/em>Fuente: SoloAscenso<\/h6>\n<p>&nbsp;<\/p>\n<p>&nbsp;<\/p>\n","protected":false},"excerpt":{"rendered":"<p>&nbsp; Gabriel Ostanelli, presidente de San Mart\u00edn, se refiri\u00f3 al regreso a los entrenamientos dentro de un mes, los testeos<\/p>\n","protected":false},"author":1,"featured_media":32768,"comment_status":"closed","ping_status":"closed","sticky":false,"template":"","format":"standard","meta":{"kia_subtitle":"","footnotes":"","jetpack_publicize_message":"","jetpack_publicize_feature_enabled":true,"jetpack_social_post_already_shared":true,"jetpack_social_options":{"image_generator_settings":{"template":"highway","default_image_id":0,"font":"","enabled":false},"version":2}},"categories":[4,28],"tags":[],"class_list":["post-32765","post","type-post","status-publish","format-standard","has-post-thumbnail","hentry","category-deporte","category-futbol"],"jetpack_publicize_connections":[],"jetpack_featured_media_url":"https:\/\/laurbedigital.com.ar\/noticias\/wp-content\/uploads\/2020\/08\/20200808-burzaco.jpg","_links":{"self":[{"href":"https:\/\/laurbedigital.com.ar\/noticias\/wp-json\/wp\/v2\/posts\/32765","targetHints":{"allow":["GET"]}}],"collection":[{"href":"https:\/\/laurbedigital.com.ar\/noticias\/wp-json\/wp\/v2\/posts"}],"about":[{"href":"https:\/\/laurbedigital.com.ar\/noticias\/wp-json\/wp\/v2\/types\/post"}],"author":[{"embeddable":true,"href":"https:\/\/laurbedigital.com.ar\/noticias\/wp-json\/wp\/v2\/users\/1"}],"replies":[{"embeddable":true,"href":"https:\/\/laurbedigital.com.ar\/noticias\/wp-json\/wp\/v2\/comments?post=32765"}],"version-history":[{"count":1,"href":"https:\/\/laurbedigital.com.ar\/noticias\/wp-json\/wp\/v2\/posts\/32765\/revisions"}],"predecessor-version":[{"id":32769,"href":"https:\/\/laurbedigital.com.ar\/noticias\/wp-json\/wp\/v2\/posts\/32765\/revisions\/32769"}],"wp:featuredmedia":[{"embeddable":true,"href":"https:\/\/laurbedigital.com.ar\/noticias\/wp-json\/wp\/v2\/media\/32768"}],"wp:attachment":[{"href":"https:\/\/laurbedigital.com.ar\/noticias\/wp-json\/wp\/v2\/media?parent=32765"}],"wp:term":[{"taxonomy":"category","embeddable":true,"href":"https:\/\/laurbedigital.com.ar\/noticias\/wp-json\/wp\/v2\/categories?post=32765"},{"taxonomy":"post_tag","embeddable":true,"href":"https:\/\/laurbedigital.com.ar\/noticias\/wp-json\/wp\/v2\/tags?post=32765"}],"curies":[{"name":"wp","href":"https:\/\/api.w.org\/{rel}","templated":true}]}}