{"id":32688,"date":"2020-08-07T13:25:52","date_gmt":"2020-08-07T16:25:52","guid":{"rendered":"https:\/\/laurbedigital.com.ar\/noticias\/?p=32688"},"modified":"2020-08-07T13:25:52","modified_gmt":"2020-08-07T16:25:52","slug":"bailarines-de-todo-el-pais-se-reuniran-a-la-distancia-este-viernes-para-pensar-la-danza-pospandemia","status":"publish","type":"post","link":"https:\/\/laurbedigital.com.ar\/noticias\/2020\/08\/07\/bailarines-de-todo-el-pais-se-reuniran-a-la-distancia-este-viernes-para-pensar-la-danza-pospandemia\/","title":{"rendered":"Bailarines de todo el pa\u00eds se reunir\u00e1n a la distancia este viernes para pensar la danza pospandemia"},"content":{"rendered":"<p>&nbsp;<\/p>\n<h5>Referentes culturales de todo el pa\u00eds se reunir\u00e1n a trav\u00e9s de internet a partir de este viernes en el 1\u00b0 Foro Interregional del Movimiento Federal de Danza para avanzar en la lucha por una ley nacional para ese sector y reflexionar sobre las diferentes realidades territoriales de los bailarines, bailarinas y artistas en general.<\/h5>\n<p><em>\u00abEste Foro Interregional tiene por objetivo generar espacios de debate, de reflexi\u00f3n y de di\u00e1logo de temas que atraviesan a nuestro sector, algunos hist\u00f3ricos y otros coyunturales como el actual impacto de la crisis sanitaria en la danza\u00bb,<\/em> explicaron sus organizadores.<\/p>\n<p>Como este es el primer encuentro interregional, el movimiento llega con preguntas que funcionar\u00e1n como disparadoras: <em>\u00abIncentivamos la participaci\u00f3n que d\u00e9 lugar a la palabra diversa y a la escucha, visibilizando similitudes y diferencias entre las necesidades de las distintas regiones del territorio argentino para comenzar a delinear estrategias en conjunto para lograr lo que deseamos\u00bb.<\/em><\/p>\n<p>El encuentro congregar\u00e1 a profesionales de la danza y de las artes de todo el pa\u00eds a trav\u00e9s de Internet en tres jornadas: el viernes 7 a las 21 se realizar\u00e1n los di\u00e1logos del 1\u00b0 Foro Interregional con la conducci\u00f3n de la comunicadora cordobesa Cecilia Priotto y la participaci\u00f3n del presidente del Instituto Nacional de la M\u00fasica (Inamu), Diego Boris; del secretario de Cultura de R\u00edo Negro y Presidente del Consejo Federal de Cultura, Ariel \u00c1valos; de Hern\u00e1n Nocioni, integrante del Ballet Folcl\u00f3rico Nacional; de la directora del Centro de Artes de la Secretar\u00eda de Cultura La Pampa, Malva Rold\u00e1n, adem\u00e1s de referentes de otras provincias.<\/p>\n<p>La pandemia de coronavirus impedir\u00e1 un encuentro presencial, pero no es todo p\u00e9rdida para los organizadores:<em> \u00abEl per\u00edodo de aislamiento, si bien ha evidenciado la situaci\u00f3n de precariedad y precarizaci\u00f3n hist\u00f3rica del sector, tambi\u00e9n nos ha dado el tiempo para detenernos a reflexionar y organizarnos mejor\u00bb,<\/em> explicaron los organizadores del foro a esta agencia.<\/p>\n<p>Si bien el Movimiento Federal de Danza surgi\u00f3 antes de la pandemia, el 12 de noviembre de 2019, <em>\u00abla realidad es que a pesar de que el impacto de la crisis sanitaria que ha sido devastadora en nuestra actividad estamos trabajando incansablemente desde cada una de las ocho regiones culturales de nuestra organizaci\u00f3n. Es impresionante lo que crecimos en estos meses\u00bb,<\/em> explicaron.<\/p>\n<p>Uno de los principales objetivos del movimiento es lograr la sanci\u00f3n de una ley nacional que regule la actividad de la danza y las condiciones de empleo de sus artistas, en tanto trabajadores: <em>\u00abLa Ley Nacional de Danza es necesaria ya que implica la creaci\u00f3n de un Instituto Nacional de Danza, una herramienta fundamental para el fomento, la promoci\u00f3n, la difusi\u00f3n y la preservaci\u00f3n de la danza en todo el territorio argentino, en sus diversos g\u00e9neros y manifestaciones\u00bb,<\/em> puntualizaron.<\/p>\n<p>Y agregaron: <em>\u00abDe las artes, somos la que m\u00e1s relegada y abandonada est\u00e1 en cuanto a pol\u00edticas culturales. Nuestra organizaci\u00f3n busca en parte revertir esta situaci\u00f3n y esperamos que nuestros gobernantes nos escuchen y den tratamiento al proyecto para que sea debatido y aprobado\u00bb.<\/em><\/p>\n<p>Las actividades cerrar\u00e1n el domingo a las 21 con una transmisi\u00f3n en vivo a trav\u00e9s de la red social Instagram (en la cuenta @mfd.centro) con invitados sorpresa con quienes se analizar\u00e1 <em>\u00abde una manera m\u00e1s informal y amena sobre sus opiniones con respecto a los mismos temas tratados en el Foro\u00bb,<\/em> prometieron.<\/p>\n<p>La participaci\u00f3n en el Foro es abierta y alcanza con sumarse desde la plataforma Zoom con el ID: 994 3163 7968 y la clave: 595109. Adem\u00e1s, se trasmitir\u00e1 en vivo por la fan page de Facebook <em>\u00abMovimiento Federal de Danza\u00bb.<\/em><\/p>\n<p>&nbsp;<\/p>\n<p>&nbsp;<\/p>\n","protected":false},"excerpt":{"rendered":"<p>&nbsp; Referentes culturales de todo el pa\u00eds se reunir\u00e1n a trav\u00e9s de internet a partir de este viernes en el<\/p>\n","protected":false},"author":1,"featured_media":32689,"comment_status":"closed","ping_status":"closed","sticky":false,"template":"","format":"standard","meta":{"kia_subtitle":"","footnotes":"","jetpack_publicize_message":"","jetpack_publicize_feature_enabled":true,"jetpack_social_post_already_shared":true,"jetpack_social_options":{"image_generator_settings":{"template":"highway","default_image_id":0,"font":"","enabled":false},"version":2}},"categories":[68],"tags":[],"class_list":["post-32688","post","type-post","status-publish","format-standard","has-post-thumbnail","hentry","category-cine-y-series"],"jetpack_publicize_connections":[],"jetpack_featured_media_url":"https:\/\/laurbedigital.com.ar\/noticias\/wp-content\/uploads\/2020\/08\/20200807-danza-bailarines.jpg","_links":{"self":[{"href":"https:\/\/laurbedigital.com.ar\/noticias\/wp-json\/wp\/v2\/posts\/32688","targetHints":{"allow":["GET"]}}],"collection":[{"href":"https:\/\/laurbedigital.com.ar\/noticias\/wp-json\/wp\/v2\/posts"}],"about":[{"href":"https:\/\/laurbedigital.com.ar\/noticias\/wp-json\/wp\/v2\/types\/post"}],"author":[{"embeddable":true,"href":"https:\/\/laurbedigital.com.ar\/noticias\/wp-json\/wp\/v2\/users\/1"}],"replies":[{"embeddable":true,"href":"https:\/\/laurbedigital.com.ar\/noticias\/wp-json\/wp\/v2\/comments?post=32688"}],"version-history":[{"count":1,"href":"https:\/\/laurbedigital.com.ar\/noticias\/wp-json\/wp\/v2\/posts\/32688\/revisions"}],"predecessor-version":[{"id":32690,"href":"https:\/\/laurbedigital.com.ar\/noticias\/wp-json\/wp\/v2\/posts\/32688\/revisions\/32690"}],"wp:featuredmedia":[{"embeddable":true,"href":"https:\/\/laurbedigital.com.ar\/noticias\/wp-json\/wp\/v2\/media\/32689"}],"wp:attachment":[{"href":"https:\/\/laurbedigital.com.ar\/noticias\/wp-json\/wp\/v2\/media?parent=32688"}],"wp:term":[{"taxonomy":"category","embeddable":true,"href":"https:\/\/laurbedigital.com.ar\/noticias\/wp-json\/wp\/v2\/categories?post=32688"},{"taxonomy":"post_tag","embeddable":true,"href":"https:\/\/laurbedigital.com.ar\/noticias\/wp-json\/wp\/v2\/tags?post=32688"}],"curies":[{"name":"wp","href":"https:\/\/api.w.org\/{rel}","templated":true}]}}