{"id":32682,"date":"2020-08-07T13:16:03","date_gmt":"2020-08-07T16:16:03","guid":{"rendered":"https:\/\/laurbedigital.com.ar\/noticias\/?p=32682"},"modified":"2020-08-07T13:16:03","modified_gmt":"2020-08-07T16:16:03","slug":"fallecio-en-un-accidente-nora-etchenique-directora-de-hemoterapia-bonaerense","status":"publish","type":"post","link":"https:\/\/laurbedigital.com.ar\/noticias\/2020\/08\/07\/fallecio-en-un-accidente-nora-etchenique-directora-de-hemoterapia-bonaerense\/","title":{"rendered":"Falleci\u00f3 en un accidente Nora Etchenique, directora de Hemoterapia bonaerense"},"content":{"rendered":"<p>&nbsp;<\/p>\n<h5>\u00abDesolaci\u00f3n, pena infinita. Acaba de fallecer la Directora del Instituto de Hemoterapia de la PBA en un accidente. Muri\u00f3 luchando a destajo contra la pandemia\u00bb, poste\u00f3 el ministro de Salud, Daniel Gollan.<\/h5>\n<p>La Directora del Instituto de Hemoterapia de la provincia de Buenos Airea, Nora Etchenique, sobreviviente de la \u00faltima dictadura, falleci\u00f3 en un accidente, inform\u00f3 el ministro de Salud, Daniel Gollan.<\/p>\n<p><em>\u00abDesolaci\u00f3n, pena infinita. Acaba de fallecer la Directora del Instituto de Hemoterapia de la PBA en un accidente. Muri\u00f3 luchando a destajo contra la pandemia\u00bb, poste\u00f3 el funcionario en la red social Twitter.<\/em><\/p>\n<p>Gollan agreg\u00f3: <em>\u00abNo s\u00e9 qu\u00e9 decir. Nora Etchenique. Excelente funcionaria y compa\u00f1era. Que en paz descanses querida amiga\u00bb.<\/em><\/p>\n<p>Fuentes de la cartera sanitaria precisaron a T\u00e9lam que el accidente se produjo en la autopista La Plata-Buenos Aires cuando el veh\u00edculo en que viajaba la funcionaria se despist\u00f3.<\/p>\n<p>Precisaron, de igual modo, que el chofer que conduc\u00eda el auto <em>\u00abse encuentra fuera de peligro\u00bb.<\/em><\/p>\n<p>Hija de Horacio Alejandro Etchenique, un reconocido dirigente del Partido Comunista de la zona oeste del conurbano, Nora comenz\u00f3 a militar a sus 14 a\u00f1os y, en su juventud, particip\u00f3 de la Federaci\u00f3n Juvenil Comunista (FJC)<\/p>\n<p>El 1 de abril de 1977 fue secuestrada junto a su padre durante un operativo de la Aeron\u00e1utica, y ambos fueron llevados inicialmente a la comisar\u00eda de Ramos Mej\u00eda, luego a la Base A\u00e9rea de Palomar y los terminaron separando en una seccional policial de Mor\u00f3n.<\/p>\n<p>Nora fue trasladas a la \u201cMansi\u00f3n Ser\u00e9\u201d, el centro clandestino de detenci\u00f3n que la \u00faltima dictadura c\u00edvico-militar mont\u00f3 en Castelar, donde durante 15 d\u00edas fue torturada y luego la liberaron.<\/p>\n<p>En 2014, la m\u00e9dica fue testigo del juicio contra militares que se hizo en el Tribunal Oral N 5 de San Mart\u00edn.<\/p>\n<p>En 1979, Etchenique recibi\u00f3 su t\u00edtulo universitario y comenz\u00f3 a trabajar en el hospital Zubizarreta. Luego se sum\u00f3 al servicio de hemoterapia, se perfeccion\u00f3 en Francia y en 1983 ingres\u00f3 a esa \u00e1rea del hospital \u201cG\u00fcemes\u201d de Haedo.<\/p>\n<p><strong>Permaneci\u00f3 en ese centro de salud por 17 a\u00f1os hasta llegar a ser la directora del servicio, luego coordin\u00f3 el Instituto provincial en la regi\u00f3n sanitaria VII y en el a\u00f1o 2000 comenz\u00f3 a trabajar en el ministerio de Salud bonaerense.<\/p>\n<p>En 2008 fue designada directora del Instituto de Hemoterapia, pero con el cambio de autoridades Etchenique fue desplazada del cargo y al a\u00f1o siguiente se jubil\u00f3.<\/strong><\/p>\n<p>Sin embargo, en diciembre pasado las nuevs autoridades provinciales la convocaron para volver al centro de donaci\u00f3n de sangre.<\/p>\n<p>All\u00ed, trabaj\u00f3 desde que comenz\u00f3 la pandemia de coronavirus con un rol preponderante en la tarea de donaci\u00f3n de plasma de pacientes recuperados que mantuvo hasta hoy.<\/p>\n<p>&nbsp;<\/p>\n<p>&nbsp;<\/p>\n","protected":false},"excerpt":{"rendered":"<p>&nbsp; \u00abDesolaci\u00f3n, pena infinita. Acaba de fallecer la Directora del Instituto de Hemoterapia de la PBA en un accidente. Muri\u00f3<\/p>\n","protected":false},"author":1,"featured_media":32683,"comment_status":"closed","ping_status":"closed","sticky":false,"template":"","format":"standard","meta":{"kia_subtitle":"","footnotes":"","jetpack_publicize_message":"","jetpack_publicize_feature_enabled":true,"jetpack_social_post_already_shared":true,"jetpack_social_options":{"image_generator_settings":{"template":"highway","default_image_id":0,"font":"","enabled":false},"version":2}},"categories":[3,56],"tags":[],"class_list":["post-32682","post","type-post","status-publish","format-standard","has-post-thumbnail","hentry","category-actualidad","category-buenos-aires"],"jetpack_publicize_connections":[],"jetpack_featured_media_url":"https:\/\/laurbedigital.com.ar\/noticias\/wp-content\/uploads\/2020\/08\/20200807-Nora-Etchenique.jpg","_links":{"self":[{"href":"https:\/\/laurbedigital.com.ar\/noticias\/wp-json\/wp\/v2\/posts\/32682","targetHints":{"allow":["GET"]}}],"collection":[{"href":"https:\/\/laurbedigital.com.ar\/noticias\/wp-json\/wp\/v2\/posts"}],"about":[{"href":"https:\/\/laurbedigital.com.ar\/noticias\/wp-json\/wp\/v2\/types\/post"}],"author":[{"embeddable":true,"href":"https:\/\/laurbedigital.com.ar\/noticias\/wp-json\/wp\/v2\/users\/1"}],"replies":[{"embeddable":true,"href":"https:\/\/laurbedigital.com.ar\/noticias\/wp-json\/wp\/v2\/comments?post=32682"}],"version-history":[{"count":1,"href":"https:\/\/laurbedigital.com.ar\/noticias\/wp-json\/wp\/v2\/posts\/32682\/revisions"}],"predecessor-version":[{"id":32684,"href":"https:\/\/laurbedigital.com.ar\/noticias\/wp-json\/wp\/v2\/posts\/32682\/revisions\/32684"}],"wp:featuredmedia":[{"embeddable":true,"href":"https:\/\/laurbedigital.com.ar\/noticias\/wp-json\/wp\/v2\/media\/32683"}],"wp:attachment":[{"href":"https:\/\/laurbedigital.com.ar\/noticias\/wp-json\/wp\/v2\/media?parent=32682"}],"wp:term":[{"taxonomy":"category","embeddable":true,"href":"https:\/\/laurbedigital.com.ar\/noticias\/wp-json\/wp\/v2\/categories?post=32682"},{"taxonomy":"post_tag","embeddable":true,"href":"https:\/\/laurbedigital.com.ar\/noticias\/wp-json\/wp\/v2\/tags?post=32682"}],"curies":[{"name":"wp","href":"https:\/\/api.w.org\/{rel}","templated":true}]}}