{"id":32615,"date":"2020-08-06T16:40:35","date_gmt":"2020-08-06T19:40:35","guid":{"rendered":"https:\/\/laurbedigital.com.ar\/noticias\/?p=32615"},"modified":"2020-08-06T16:40:35","modified_gmt":"2020-08-06T19:40:35","slug":"el-ministro-simone-participo-del-reinicio-de-obras-del-corredor-del-atlantico","status":"publish","type":"post","link":"https:\/\/laurbedigital.com.ar\/noticias\/2020\/08\/06\/el-ministro-simone-participo-del-reinicio-de-obras-del-corredor-del-atlantico\/","title":{"rendered":"El Ministro Simone particip\u00f3 del reinicio de obras del Corredor del Atl\u00e1ntico"},"content":{"rendered":"<p>&nbsp;<\/p>\n<h5>El anuncio, encabezado por el Presidente Alberto Fern\u00e1ndez y el Gobernador Kicillof, contempla la finalizaci\u00f3n de los trabajos en las Rutas Provinciales N\u00b011 y N\u00b056.<\/h5>\n<p>El ministro de Infraestructura y Servicios P\u00fablicos, Agust\u00edn Simone, particip\u00f3 junto al Presidente de la Naci\u00f3n, Alberto Fern\u00e1ndez, el gobernador de la Provincia, Axel Kicillof, y el titular de la cartera de Obras P\u00fablicas nacional, Gabriel Katopodis, del acto de reinicio de obras del Corredor del Atl\u00e1ntico.<\/p>\n<p>El proyecto contempla la finalizaci\u00f3n de los trabajos en las Rutas Provinciales N\u00b011 y N\u00b056, donde se construir\u00e1 una segunda calzada que permitir\u00e1 convertir este trayecto en autov\u00eda y mejorar la seguridad y transitabilidad de los usuarios.<\/p>\n<p>En ese sentido, Simone manifest\u00f3 que:<em> \u201cEs una obra muy importante para la Provincia, para los bonaerenses y para las familias argentinas que en el verano y los fines de semana largo viajan por esta ruta hacia la costa Atl\u00e1ntica\u201d.<\/em><\/p>\n<p>Adem\u00e1s, agreg\u00f3 que <em>\u201cesta obra permite que todos los turistas viajen por una autov\u00eda de doble mano y adem\u00e1s, genera el acortamiento del traslado. Los que circulen por esta v\u00eda van a poder hacerlo en las condiciones que corresponde\u201d.<\/em><\/p>\n<p>Por su parte, el Presidente Fern\u00e1ndez expres\u00f3 que:<em> \u201cEstamos haciendo con los gobernadores el pa\u00eds que so\u00f1amos\u201d, y agreg\u00f3: \u201cGracias al acuerdo con los acreedores ganamos autonom\u00eda y capacidad de decidir para poder avanzar con estas obras tan importantes en todo el pa\u00eds\u201d.<\/em><\/p>\n<p>Asimismo, el Gobernador Kicillof asegur\u00f3 que \u201cestamos reactivando esta obra pensando en la pospandemia y en seguir poni\u00e9ndole a la Provincia y a sus destinos tur\u00edsticos toda la inversi\u00f3n que hace falta para que sea de nuevo el destino elegido por muchos argentinos\u201d.<\/p>\n<p>Cabe destacar que el anuncio tuvo lugar en el kil\u00f3metro 340,5 de la Ruta N\u00b011 y estuvieron presentes el Administrador General de Vialidad Nacional, Gustavo Arrieta, su par provincial, Ra\u00fal Costantino, y los intendentes H\u00e9ctor Olivera (Tordillo); Jos\u00e9 Rodr\u00edguez Ponte (General Lavalle); Carlos Santoro (General Madariaga); y Cristian Cardozo (La Costa).<\/p>\n<p>Por \u00faltimo, esta obra vial incluye la reactivaci\u00f3n de los trabajos paralizados desde 2019 por una inversi\u00f3n total de 4.744 millones de pesos en tres tramos de un total de 157 km donde circulan aproximadamente 50.000 veh\u00edculos por d\u00eda durante la temporada alta.<\/p>\n<p>&nbsp;<\/p>\n<p>&nbsp;<\/p>\n","protected":false},"excerpt":{"rendered":"<p>&nbsp; El anuncio, encabezado por el Presidente Alberto Fern\u00e1ndez y el Gobernador Kicillof, contempla la finalizaci\u00f3n de los trabajos en<\/p>\n","protected":false},"author":1,"featured_media":32616,"comment_status":"closed","ping_status":"closed","sticky":false,"template":"","format":"standard","meta":{"kia_subtitle":"","footnotes":"","jetpack_publicize_message":"","jetpack_publicize_feature_enabled":true,"jetpack_social_post_already_shared":true,"jetpack_social_options":{"image_generator_settings":{"template":"highway","default_image_id":0,"font":"","enabled":false},"version":2}},"categories":[3,56],"tags":[],"class_list":["post-32615","post","type-post","status-publish","format-standard","has-post-thumbnail","hentry","category-actualidad","category-buenos-aires"],"jetpack_publicize_connections":[],"jetpack_featured_media_url":"https:\/\/laurbedigital.com.ar\/noticias\/wp-content\/uploads\/2020\/08\/20200806-ruta-56.jpg","_links":{"self":[{"href":"https:\/\/laurbedigital.com.ar\/noticias\/wp-json\/wp\/v2\/posts\/32615","targetHints":{"allow":["GET"]}}],"collection":[{"href":"https:\/\/laurbedigital.com.ar\/noticias\/wp-json\/wp\/v2\/posts"}],"about":[{"href":"https:\/\/laurbedigital.com.ar\/noticias\/wp-json\/wp\/v2\/types\/post"}],"author":[{"embeddable":true,"href":"https:\/\/laurbedigital.com.ar\/noticias\/wp-json\/wp\/v2\/users\/1"}],"replies":[{"embeddable":true,"href":"https:\/\/laurbedigital.com.ar\/noticias\/wp-json\/wp\/v2\/comments?post=32615"}],"version-history":[{"count":1,"href":"https:\/\/laurbedigital.com.ar\/noticias\/wp-json\/wp\/v2\/posts\/32615\/revisions"}],"predecessor-version":[{"id":32617,"href":"https:\/\/laurbedigital.com.ar\/noticias\/wp-json\/wp\/v2\/posts\/32615\/revisions\/32617"}],"wp:featuredmedia":[{"embeddable":true,"href":"https:\/\/laurbedigital.com.ar\/noticias\/wp-json\/wp\/v2\/media\/32616"}],"wp:attachment":[{"href":"https:\/\/laurbedigital.com.ar\/noticias\/wp-json\/wp\/v2\/media?parent=32615"}],"wp:term":[{"taxonomy":"category","embeddable":true,"href":"https:\/\/laurbedigital.com.ar\/noticias\/wp-json\/wp\/v2\/categories?post=32615"},{"taxonomy":"post_tag","embeddable":true,"href":"https:\/\/laurbedigital.com.ar\/noticias\/wp-json\/wp\/v2\/tags?post=32615"}],"curies":[{"name":"wp","href":"https:\/\/api.w.org\/{rel}","templated":true}]}}