{"id":326,"date":"2016-01-13T15:32:43","date_gmt":"2016-01-13T15:32:43","guid":{"rendered":"http:\/\/laurbedigital.com.ar\/noticias\/?p=326"},"modified":"2016-01-13T15:32:43","modified_gmt":"2016-01-13T15:32:43","slug":"sebastian-presta-estrena-sus-skecthes-de-humor-desopilante-en-bruto","status":"publish","type":"post","link":"https:\/\/laurbedigital.com.ar\/noticias\/2016\/01\/13\/sebastian-presta-estrena-sus-skecthes-de-humor-desopilante-en-bruto\/","title":{"rendered":"Sebasti\u00e1n Presta estrena sus skecthes de humor desopilante en \u00abBruto\u00bb"},"content":{"rendered":"<p>El actor y productor, popular por sus personajes disparatados en \u201cPrestico\u201d, el segmento humor\u00edstico de\u201cDuro de Domar\u201d (Canal 9), llega con sus sketches al teatro en \u201cBruto\u201d, junto a Soledad Garc\u00eda, su compa\u00f1era en TV, y Guido Losantos, dirigidos por Mart\u00edn Salazar.<\/p>\n<p>Sebasti\u00e1n Presta, actor y productor, popular por sus personajes disparatados en \u201cPrestico\u201d, el segmento humor\u00edstico de\u201cDuro de Domar\u201d (Canal 9), llega con sus sketches al teatro en \u201cBruto\u201d, junto a Soledad Garc\u00eda, su compa\u00f1era en TV, y Guido Losantos, dirigidos por Mart\u00edn Salazar, el viernes, en el Metropolitan, a las 23.30.<\/p>\n<p>La cara de poker, la mirada fija en la nada ante cualquier situaci\u00f3n fueron las marcas de identidad del comediante al debutar junto a Sebasti\u00e1n Wainraich en \u00abKitsch TV\u00bb, una secci\u00f3n de \u201cDuro\u2026\u201d, con mucho de comicidad absurda capaz de parodiar ciertas producciones del cable y se extendi\u00f3 por cuatro a\u00f1os desde 2005.<\/p>\n<p>\u201cLas cosas que nunca te van a pasar\u201d o \u201cPreguntas boludas\u201d fueron algunas de sus creaciones en \u201cThe Presta Show\u201d, su reality dentro del mismo programa, que en 2015 fue reemplazado por el exitoso segmento \u201cPr\u00e9stico\u201d, donde una variedad de sketches con personajes bizarros interpretados por el joven ganaron la escena.<\/p>\n<p>\u201c\u2018Pr\u00e9stico\u2019 explot\u00f3 el a\u00f1o pasado, hasta tiene su canal oficial por Youtube muy visitado por los adolescentes junto a sus padres, o desde los celulares durante la previa a los boliches\u201d, cuenta Presta en charla con T\u00e9lam, mientras saluda a los mozos quienes sonr\u00eden ni bien lo descubren.<\/p>\n<p>\u201cEl espect\u00e1culo es un embarazo sietemesino, este viernes que estrenamos se cumple justo ese plazo, lo \u00faltimo que hab\u00eda hecho en teatro fue como actor suplente en \u2018C\u00f3mico 4\u2019\u201d, precisa este admirador de Roberto G\u00f3mez Bola\u00f1os, alias Chespirito y Diego Capusotto.<\/p>\n<p>\u201cSi -contin\u00faa- faltaba alguno del elenco (Wainraich, Peto Menahem, Mart\u00edn Rocco y Dan Breitman) yo estaba all\u00ed, era el reemplazo para los sketches, me sab\u00eda la letra de todos y de estar en el banco suplente ahora soy protagonista y lo encaro m\u00e1s feliz, me permito jugar, antes lo padec\u00eda soy bastante hincha pelotas\u201d.<\/p>\n<p>Productor de tev\u00e9 experimentado, hoy se ocupa de seleccionar los guiones que actuar\u00e1 y no delega la edici\u00f3n de su propio material, cualidad que dota a sus sketches de gran velocidad, con situaciones dram\u00e1ticas de 2 minutos de duraci\u00f3n como m\u00e1ximo en la pantalla chica.<\/p>\n<p>La din\u00e1mica teatral, en cambio, facilita \u201cpoder explayarme, son diez secuencias diferentes, donde me animo a cantar y bailar como un Parch\u00eds, aquel grupo para chicos de los \u201880, el tema elegido se llama \u2018Como me pica la nariz\u2019, me hizo acordar mucho a la abuela cocain\u00f3mana\u201d, detalla al referirse a uno de sus personajes m\u00e1s conocidos.<\/p>\n<p>Una pantalla de video, m\u00e1s la m\u00fasica en vivo de Miguel \u00c1ngel Cino (Ranatronic) ofician como marco para los avatares de sus \u201cnuevos personajes, habr\u00e1 saludos, gui\u00f1os y por ah\u00ed se van a cruzan algunos que hacemos en el tele, que se yo, puede quedar buen\u00edsimo o como el ojete, igual se que si me divierto yo, ellos se van a divertir\u201d, afirma.<\/p>\n<p>\u00abInfelices\u00bb, la pel\u00edcula de Juan Taratutto con Valeria Bertucelli y Adri\u00e1n Suar que se estrenar\u00e1 este a\u00f1o lo muestra como un amigo del protagonista, compartiendo escenas de duelos virtuales en la Play Station.<\/p>\n<p>Aunque por el momento \u201cestoy de lleno metido en \u2018Bruto\u2019, sin novedades sobre la continuidad en pantalla de \u2018Duro de domar\u2019, pero creo que mi segmento puede seguir en cualquier lado, ojal\u00e1 pueda elegir d\u00f3nde continuar haci\u00e9ndolo\u201d, concluye.<\/p>\n<p>El show donde el humor funciona como una suerte de dispositivo listo para detectar el \u201clado B\u201d de la vida y celebrarlo con un comicidad transgresora est\u00e1 dirigido por Mart\u00edn Salazar, fundador de Los Macocos, con guiones de Diego Alarc\u00f3n, Pablo Mir, F\u00e9lix Buenaventura, Salazar y Presta, con la locuci\u00f3n de Fabi\u00e1n Cerfoglio.<\/p>\n<p>Las funciones se realizan desde los viernes a las 23.30 y los s\u00e1bados a las 0:30 en Corrientes 1343.<\/p>\n","protected":false},"excerpt":{"rendered":"<p>El actor y productor, popular por sus personajes disparatados en \u201cPrestico\u201d, el segmento humor\u00edstico de\u201cDuro de Domar\u201d (Canal 9), llega<\/p>\n","protected":false},"author":1,"featured_media":327,"comment_status":"closed","ping_status":"closed","sticky":false,"template":"","format":"standard","meta":{"kia_subtitle":"","footnotes":"","jetpack_publicize_message":"","jetpack_publicize_feature_enabled":true,"jetpack_social_post_already_shared":false,"jetpack_social_options":{"image_generator_settings":{"template":"highway","default_image_id":0,"font":"","enabled":false},"version":2}},"categories":[5],"tags":[],"class_list":["post-326","post","type-post","status-publish","format-standard","has-post-thumbnail","hentry","category-cultura"],"jetpack_publicize_connections":[],"jetpack_featured_media_url":"https:\/\/laurbedigital.com.ar\/noticias\/wp-content\/uploads\/2016\/01\/20160113-espectaculo.jpg","_links":{"self":[{"href":"https:\/\/laurbedigital.com.ar\/noticias\/wp-json\/wp\/v2\/posts\/326","targetHints":{"allow":["GET"]}}],"collection":[{"href":"https:\/\/laurbedigital.com.ar\/noticias\/wp-json\/wp\/v2\/posts"}],"about":[{"href":"https:\/\/laurbedigital.com.ar\/noticias\/wp-json\/wp\/v2\/types\/post"}],"author":[{"embeddable":true,"href":"https:\/\/laurbedigital.com.ar\/noticias\/wp-json\/wp\/v2\/users\/1"}],"replies":[{"embeddable":true,"href":"https:\/\/laurbedigital.com.ar\/noticias\/wp-json\/wp\/v2\/comments?post=326"}],"version-history":[{"count":1,"href":"https:\/\/laurbedigital.com.ar\/noticias\/wp-json\/wp\/v2\/posts\/326\/revisions"}],"predecessor-version":[{"id":328,"href":"https:\/\/laurbedigital.com.ar\/noticias\/wp-json\/wp\/v2\/posts\/326\/revisions\/328"}],"wp:featuredmedia":[{"embeddable":true,"href":"https:\/\/laurbedigital.com.ar\/noticias\/wp-json\/wp\/v2\/media\/327"}],"wp:attachment":[{"href":"https:\/\/laurbedigital.com.ar\/noticias\/wp-json\/wp\/v2\/media?parent=326"}],"wp:term":[{"taxonomy":"category","embeddable":true,"href":"https:\/\/laurbedigital.com.ar\/noticias\/wp-json\/wp\/v2\/categories?post=326"},{"taxonomy":"post_tag","embeddable":true,"href":"https:\/\/laurbedigital.com.ar\/noticias\/wp-json\/wp\/v2\/tags?post=326"}],"curies":[{"name":"wp","href":"https:\/\/api.w.org\/{rel}","templated":true}]}}