{"id":32479,"date":"2020-08-05T11:49:46","date_gmt":"2020-08-05T14:49:46","guid":{"rendered":"https:\/\/laurbedigital.com.ar\/noticias\/?p=32479"},"modified":"2020-08-05T11:49:46","modified_gmt":"2020-08-05T14:49:46","slug":"con-4-337-nuevos-contagios-suman-129-451-los-casos-en-la-provincia-de-buenos-aires","status":"publish","type":"post","link":"https:\/\/laurbedigital.com.ar\/noticias\/2020\/08\/05\/con-4-337-nuevos-contagios-suman-129-451-los-casos-en-la-provincia-de-buenos-aires\/","title":{"rendered":"Con 4.337 nuevos contagios, suman 129.451 los casos en la provincia de Buenos Aires"},"content":{"rendered":"<p>&nbsp;<\/p>\n<h5>Seg\u00fan precis\u00f3 el Ministerio de Salud provincial, se registraron 738 casos por cada 100.000 habitantes, en tanto que 64.381 personas ya se recuperaron y recibieron el alta.<\/h5>\n<p>Los casos positivos de coronavirus en la provincia de Buenos Aires ascendieron a 129.451 tras confirmarse 4.337 nuevos contagios en las \u00faltimas 24 horas, inform\u00f3 hoy el Ministerio de Salud provincial.<\/p>\n<p>Seg\u00fan precis\u00f3 la cartera a cargo de Daniel Gollan, se registraron 738 casos por cada 100.000 habitantes, en tanto que 64.381 personas ya se recuperaron y recibieron el alta.<\/p>\n<p>En el territorio bonaerense fallecieron 2.192 personas desde la llegada de la pandemia al pa\u00eds, en marzo pasado.<\/p>\n<p>Del total de contagiados, el 51,1% son hombres, 48,5% mujeres, y hay 0,4% \u00absin datos\u00bb.<\/p>\n<p>Sobre el total de casos, el 63,3% corresponde a contagios comunitarios, mientras que 14% fue por contacto estrecho con casos confirmados; 14,7% est\u00e1 en investigaci\u00f3n la causa; el 6,5% corresponde a trabajadores de salud y el 0,2% son casos importados, indic\u00f3 el informe oficial.<\/p>\n<p>De acuerdo al \u00faltimo parte, el porcentaje de ocupaci\u00f3n total de camas de terapia intensiva de adultos en el \u00c1rea Metropolitana de Buenos Aires (AMBA) es del 66,4%.<\/p>\n<p>&nbsp;<\/p>\n<p>&nbsp;<\/p>\n<p>&nbsp;<\/p>\n","protected":false},"excerpt":{"rendered":"<p>&nbsp; Seg\u00fan precis\u00f3 el Ministerio de Salud provincial, se registraron 738 casos por cada 100.000 habitantes, en tanto que 64.381<\/p>\n","protected":false},"author":1,"featured_media":29773,"comment_status":"closed","ping_status":"closed","sticky":false,"template":"","format":"standard","meta":{"kia_subtitle":"","footnotes":"","jetpack_publicize_message":"","jetpack_publicize_feature_enabled":true,"jetpack_social_post_already_shared":true,"jetpack_social_options":{"image_generator_settings":{"template":"highway","default_image_id":0,"font":"","enabled":false},"version":2}},"categories":[3,56],"tags":[],"class_list":["post-32479","post","type-post","status-publish","format-standard","has-post-thumbnail","hentry","category-actualidad","category-buenos-aires"],"jetpack_publicize_connections":[],"jetpack_featured_media_url":"https:\/\/laurbedigital.com.ar\/noticias\/wp-content\/uploads\/2020\/06\/20200629-coronavirus.jpg","_links":{"self":[{"href":"https:\/\/laurbedigital.com.ar\/noticias\/wp-json\/wp\/v2\/posts\/32479","targetHints":{"allow":["GET"]}}],"collection":[{"href":"https:\/\/laurbedigital.com.ar\/noticias\/wp-json\/wp\/v2\/posts"}],"about":[{"href":"https:\/\/laurbedigital.com.ar\/noticias\/wp-json\/wp\/v2\/types\/post"}],"author":[{"embeddable":true,"href":"https:\/\/laurbedigital.com.ar\/noticias\/wp-json\/wp\/v2\/users\/1"}],"replies":[{"embeddable":true,"href":"https:\/\/laurbedigital.com.ar\/noticias\/wp-json\/wp\/v2\/comments?post=32479"}],"version-history":[{"count":1,"href":"https:\/\/laurbedigital.com.ar\/noticias\/wp-json\/wp\/v2\/posts\/32479\/revisions"}],"predecessor-version":[{"id":32480,"href":"https:\/\/laurbedigital.com.ar\/noticias\/wp-json\/wp\/v2\/posts\/32479\/revisions\/32480"}],"wp:featuredmedia":[{"embeddable":true,"href":"https:\/\/laurbedigital.com.ar\/noticias\/wp-json\/wp\/v2\/media\/29773"}],"wp:attachment":[{"href":"https:\/\/laurbedigital.com.ar\/noticias\/wp-json\/wp\/v2\/media?parent=32479"}],"wp:term":[{"taxonomy":"category","embeddable":true,"href":"https:\/\/laurbedigital.com.ar\/noticias\/wp-json\/wp\/v2\/categories?post=32479"},{"taxonomy":"post_tag","embeddable":true,"href":"https:\/\/laurbedigital.com.ar\/noticias\/wp-json\/wp\/v2\/tags?post=32479"}],"curies":[{"name":"wp","href":"https:\/\/api.w.org\/{rel}","templated":true}]}}