{"id":32288,"date":"2020-08-03T12:00:57","date_gmt":"2020-08-03T15:00:57","guid":{"rendered":"https:\/\/laurbedigital.com.ar\/noticias\/?p=32288"},"modified":"2020-08-06T17:00:44","modified_gmt":"2020-08-06T20:00:44","slug":"kicillof-y-cascallares-junto-a-cuatro-brownianos-recuperados-de-covid-19","status":"publish","type":"post","link":"https:\/\/laurbedigital.com.ar\/noticias\/2020\/08\/03\/kicillof-y-cascallares-junto-a-cuatro-brownianos-recuperados-de-covid-19\/","title":{"rendered":"Kicillof y Cascallares junto a cuatro brownianos recuperados de Covid-19"},"content":{"rendered":"<h5 dir=\"ltr\"><\/h5>\n<h5 dir=\"ltr\">En el Instituto de Formaci\u00f3n Docente N\u00b0 41 funciona un centro de aislamiento municipal para pacientes leves de Coronavirus.<\/h5>\n<div dir=\"ltr\">\n<p>Se trata de Paula, Jorge y Pablo de la localidad de San Jos\u00e9 y de Angel de Claypole. Tod@s lograron sobreponerse al virus que es pandemia y ahora contin\u00faan con sus vidas transform\u00e1ndose adem\u00e1s en potenciales donantes de plasma sangu\u00edneo para ayudar a los enfermos actuales.<\/p>\n<p><img loading=\"lazy\" decoding=\"async\" class=\"alignnone size-full wp-image-32291\" src=\"https:\/\/laurbedigital.com.ar\/noticias\/wp-content\/uploads\/2020\/08\/20200803-brown-kicillof-cascallares-3.jpg\" alt=\"\" width=\"800\" height=\"446\" title=\"\" srcset=\"https:\/\/laurbedigital.com.ar\/noticias\/wp-content\/uploads\/2020\/08\/20200803-brown-kicillof-cascallares-3.jpg 800w, https:\/\/laurbedigital.com.ar\/noticias\/wp-content\/uploads\/2020\/08\/20200803-brown-kicillof-cascallares-3-300x167.jpg 300w, https:\/\/laurbedigital.com.ar\/noticias\/wp-content\/uploads\/2020\/08\/20200803-brown-kicillof-cascallares-3-768x428.jpg 768w\" sizes=\"auto, (max-width: 800px) 100vw, 800px\" \/><\/p>\n<\/div>\n<div dir=\"ltr\"><\/div>\n<div dir=\"ltr\">\n<p>El Instituto N\u00b0 41 del Barrio Vattuone de Adrogu\u00e9 aloja a pacientes leves que se recuperan del Covid-19. En el caso de estos cuatro vecinos brownianos, se trata de pacientes que hab\u00edan estado internados en el Hospital Arturo O\u00f1ativia de Rafael Calzada. Superaron la enfermedad y culmiaron su recuperaci\u00f3n en el centro de aislamiento de la comuna.<\/p>\n<p><img loading=\"lazy\" decoding=\"async\" class=\"alignnone size-full wp-image-32290\" src=\"https:\/\/laurbedigital.com.ar\/noticias\/wp-content\/uploads\/2020\/08\/20200803-brown-kicillof-cascallares-2.jpg\" alt=\"\" width=\"800\" height=\"446\" title=\"\" srcset=\"https:\/\/laurbedigital.com.ar\/noticias\/wp-content\/uploads\/2020\/08\/20200803-brown-kicillof-cascallares-2.jpg 800w, https:\/\/laurbedigital.com.ar\/noticias\/wp-content\/uploads\/2020\/08\/20200803-brown-kicillof-cascallares-2-300x167.jpg 300w, https:\/\/laurbedigital.com.ar\/noticias\/wp-content\/uploads\/2020\/08\/20200803-brown-kicillof-cascallares-2-768x428.jpg 768w\" sizes=\"auto, (max-width: 800px) 100vw, 800px\" \/><\/p>\n<\/div>\n<div dir=\"ltr\"><\/div>\n<div dir=\"ltr\">\n<p><em>\u00abPod\u00e9s donar plasma ahora tambi\u00e9n, completo\u00bb,<\/em> le dijo Mariano Cascallares a Jorge de San Jos\u00e9, quien se mostr\u00f3 muy agradecido con el intendente y con el gobernador y dijo estar con muchas ganas de retornar con su familia y a su vida habitual.<\/p>\n<\/div>\n<div dir=\"ltr\">\n<p>Las escenas se cerraron con los vecinos y las vecinas dados de alta subiendo a las ambulancias del Sistema de Emergencias municipal 107 AB que los llevaron hasta sus domicilios.<\/p>\n<p><img loading=\"lazy\" decoding=\"async\" class=\"alignnone size-full wp-image-32289\" src=\"https:\/\/laurbedigital.com.ar\/noticias\/wp-content\/uploads\/2020\/08\/20200803-brown-kicillof-cascallares-1.jpg\" alt=\"\" width=\"800\" height=\"446\" title=\"\" srcset=\"https:\/\/laurbedigital.com.ar\/noticias\/wp-content\/uploads\/2020\/08\/20200803-brown-kicillof-cascallares-1.jpg 800w, https:\/\/laurbedigital.com.ar\/noticias\/wp-content\/uploads\/2020\/08\/20200803-brown-kicillof-cascallares-1-300x167.jpg 300w, https:\/\/laurbedigital.com.ar\/noticias\/wp-content\/uploads\/2020\/08\/20200803-brown-kicillof-cascallares-1-768x428.jpg 768w\" sizes=\"auto, (max-width: 800px) 100vw, 800px\" \/><\/p>\n<\/div>\n<div dir=\"ltr\"><\/div>\n<div dir=\"ltr\">Participaron de la actividad junto a Kicillof y a Cascallares el ministro de Salud bonaerense, Daniel Goll\u00e1n, el viceministro Nicol\u00e1s Kreplak y el secretario de Salud browniano, Walter Gomez; junto al subsecretario de Estrategias Sanitarias del Ministerio de Salud de la Naci\u00f3n, Alejandro Salvador Costa.<\/div>\n<div dir=\"ltr\"><\/div>\n<div dir=\"ltr\"><\/div>\n","protected":false},"excerpt":{"rendered":"<p>En el Instituto de Formaci\u00f3n Docente N\u00b0 41 funciona un centro de aislamiento municipal para pacientes leves de Coronavirus. Se<\/p>\n","protected":false},"author":1,"featured_media":32292,"comment_status":"closed","ping_status":"closed","sticky":false,"template":"","format":"standard","meta":{"kia_subtitle":"","footnotes":"","jetpack_publicize_message":"","jetpack_publicize_feature_enabled":true,"jetpack_social_post_already_shared":true,"jetpack_social_options":{"image_generator_settings":{"template":"highway","default_image_id":0,"font":"","enabled":false},"version":2}},"categories":[66,33],"tags":[],"class_list":["post-32288","post","type-post","status-publish","format-standard","has-post-thumbnail","hentry","category-interes-2","category-alte-brown-alte-brown"],"jetpack_publicize_connections":[],"jetpack_featured_media_url":"https:\/\/laurbedigital.com.ar\/noticias\/wp-content\/uploads\/2020\/08\/20200803-brown-kicillof-cascallares-4.jpg","_links":{"self":[{"href":"https:\/\/laurbedigital.com.ar\/noticias\/wp-json\/wp\/v2\/posts\/32288","targetHints":{"allow":["GET"]}}],"collection":[{"href":"https:\/\/laurbedigital.com.ar\/noticias\/wp-json\/wp\/v2\/posts"}],"about":[{"href":"https:\/\/laurbedigital.com.ar\/noticias\/wp-json\/wp\/v2\/types\/post"}],"author":[{"embeddable":true,"href":"https:\/\/laurbedigital.com.ar\/noticias\/wp-json\/wp\/v2\/users\/1"}],"replies":[{"embeddable":true,"href":"https:\/\/laurbedigital.com.ar\/noticias\/wp-json\/wp\/v2\/comments?post=32288"}],"version-history":[{"count":5,"href":"https:\/\/laurbedigital.com.ar\/noticias\/wp-json\/wp\/v2\/posts\/32288\/revisions"}],"predecessor-version":[{"id":32354,"href":"https:\/\/laurbedigital.com.ar\/noticias\/wp-json\/wp\/v2\/posts\/32288\/revisions\/32354"}],"wp:featuredmedia":[{"embeddable":true,"href":"https:\/\/laurbedigital.com.ar\/noticias\/wp-json\/wp\/v2\/media\/32292"}],"wp:attachment":[{"href":"https:\/\/laurbedigital.com.ar\/noticias\/wp-json\/wp\/v2\/media?parent=32288"}],"wp:term":[{"taxonomy":"category","embeddable":true,"href":"https:\/\/laurbedigital.com.ar\/noticias\/wp-json\/wp\/v2\/categories?post=32288"},{"taxonomy":"post_tag","embeddable":true,"href":"https:\/\/laurbedigital.com.ar\/noticias\/wp-json\/wp\/v2\/tags?post=32288"}],"curies":[{"name":"wp","href":"https:\/\/api.w.org\/{rel}","templated":true}]}}