{"id":32225,"date":"2020-08-02T14:23:25","date_gmt":"2020-08-02T17:23:25","guid":{"rendered":"https:\/\/laurbedigital.com.ar\/noticias\/?p=32225"},"modified":"2020-08-02T14:24:21","modified_gmt":"2020-08-02T17:24:21","slug":"cfk-denuncio-que-para-larreta-no-todos-los-ciudadanos-son-iguales","status":"publish","type":"post","link":"https:\/\/laurbedigital.com.ar\/noticias\/2020\/08\/02\/cfk-denuncio-que-para-larreta-no-todos-los-ciudadanos-son-iguales\/","title":{"rendered":"CFK denunci\u00f3 que para Larreta \u201cno todos los ciudadanos son iguales\u201d"},"content":{"rendered":"<p>&nbsp;<\/p>\n<h5>La vicepresidenta aval\u00f3 hoy el repudio manifestado por \u00abWado\u00bb De Pedro sobre el accionar de la polic\u00eda porte\u00f1a, que no intervino en las movilizaciones anticuarentena pero anoche reprimi\u00f3 la marcha para pedir justicia por Santiago Maldonado.<\/h5>\n<p>La vicepresidenta, Cristina Fern\u00e1ndez de Kirchner, afirm\u00f3 hoy que \u00abpara el gobierno de la Ciudad no todos los ciudadanos y ciudadanas son iguales\u00bb, al comparar la represi\u00f3n policial de anoche en la marcha que reclam\u00f3 justicia por Santiago Maldonado con la inacci\u00f3n mostrada durante de las marchas anticuarentenas.<\/p>\n<p><em>\u00abWado tiene raz\u00f3n: para el gobierno de la Ciudad no todos los ciudadanos y ciudadanas son iguales\u00bb,<\/em> escribi\u00f3 la expresidenta en su cuenta de Twitter, a modo de acompa\u00f1amiento al repudio manifestado en la red social por el ministro del Interior, Eduardo \u00abWado\u00bb de Pedro.<\/p>\n<p>&nbsp;<\/p>\n<blockquote class=\"twitter-tweet\">\n<p dir=\"ltr\" lang=\"es\">Wado tiene raz\u00f3n: para el gobierno de la Ciudad no todos los ciudadanos y ciudadanas son iguales. <a href=\"https:\/\/t.co\/gU9aWHOHYd\">https:\/\/t.co\/gU9aWHOHYd<\/a><\/p>\n<p>\u2014 Cristina Kirchner (@CFKArgentina) <a href=\"https:\/\/twitter.com\/CFKArgentina\/status\/1289935544214941697?ref_src=twsrc%5Etfw\" target=\"_blank\" rel=\"noopener\">August 2, 2020<\/a><\/p><\/blockquote>\n<p><script async src=\"https:\/\/platform.twitter.com\/widgets.js\" charset=\"utf-8\"><\/script><\/p>\n<p>&nbsp;<\/p>\n<p>De Pedro hab\u00eda publicado un video filmado anoche en la zona del Obelisco porte\u00f1o, en el que se ve a varios agentes detener y golpear a participantes de la marcha por el nuevo aniversario de la desaparici\u00f3n de Santiago Maldonado.<\/p>\n<p><em>\u00abDespu\u00e9s de varias marchas anticuarentena en las que hasta agredieron a periodistas y m\u00f3viles sin que apareciera ni un efectivo de la polic\u00eda de la Ciudad, hoy vimos la represi\u00f3n a familiares de Maldonado y organismos que recordaban el aniversario de su muerte\u00bb, excibi\u00f3 el ministro del Interior.<\/em><\/p>\n<p><strong><em>\u00abExigimos a las autoridades de la Ciudad que investiguen lo sucedido y fijen criterios objetivos en el accionar policial para garantizar a TODOS y TODAS su derecho a expresarse, m\u00e1s all\u00e1 de simpat\u00edas\u00bb,<\/em><\/strong> agreg\u00f3.<\/p>\n<p>La marcha reprimida anoche era parte de la conmemoraci\u00f3n con la que referentes de derechos humanos y familiares de Santiago Maldonado recordaron al joven artesano, desapareci\u00f3 el 1 de agosto de 2017, durante un procedimiento realizado por personal de Gendarmer\u00eda para desalojar a integrantes de una comunicad mapuche que manifestaban sobre la ruta 40, y cuyo cad\u00e1ver fue hallado 55 d\u00edas despu\u00e9s en el r\u00edo Chubut.<\/p>\n<p>&nbsp;<\/p>\n<blockquote class=\"twitter-tweet\">\n<p dir=\"ltr\" lang=\"es\">Despu\u00e9s de varias marchas anticuarentena en las que hasta agredieron a periodistas y m\u00f3viles sin que apareciera ni un efectivo de la polic\u00eda de la Ciudad, hoy vimos la represi\u00f3n a familiares de Maldonado y organismos que recordaban el aniversario de su muerte. <a href=\"https:\/\/t.co\/HLEFNFNgCq\">https:\/\/t.co\/HLEFNFNgCq<\/a><\/p>\n<p>\u2014 Wado de Pedro &#x1f1e6;&#x1f1f7; (@wadodecorrido) <a href=\"https:\/\/twitter.com\/wadodecorrido\/status\/1289744871490613249?ref_src=twsrc%5Etfw\" target=\"_blank\" rel=\"noopener\">August 2, 2020<\/a><\/p><\/blockquote>\n<p><script async src=\"https:\/\/platform.twitter.com\/widgets.js\" charset=\"utf-8\"><\/script><\/p>\n<p>&nbsp;<\/p>\n<p>&nbsp;<\/p>\n","protected":false},"excerpt":{"rendered":"<p>&nbsp; La vicepresidenta aval\u00f3 hoy el repudio manifestado por \u00abWado\u00bb De Pedro sobre el accionar de la polic\u00eda porte\u00f1a, que<\/p>\n","protected":false},"author":1,"featured_media":32226,"comment_status":"closed","ping_status":"closed","sticky":false,"template":"","format":"standard","meta":{"kia_subtitle":"","footnotes":"","jetpack_publicize_message":"","jetpack_publicize_feature_enabled":true,"jetpack_social_post_already_shared":true,"jetpack_social_options":{"image_generator_settings":{"template":"highway","default_image_id":0,"font":"","enabled":false},"version":2}},"categories":[3,2544],"tags":[],"class_list":["post-32225","post","type-post","status-publish","format-standard","has-post-thumbnail","hentry","category-actualidad","category-ciudad-de-buenos-aires"],"jetpack_publicize_connections":[],"jetpack_featured_media_url":"https:\/\/laurbedigital.com.ar\/noticias\/wp-content\/uploads\/2020\/08\/20200802-cristina.jpg","_links":{"self":[{"href":"https:\/\/laurbedigital.com.ar\/noticias\/wp-json\/wp\/v2\/posts\/32225","targetHints":{"allow":["GET"]}}],"collection":[{"href":"https:\/\/laurbedigital.com.ar\/noticias\/wp-json\/wp\/v2\/posts"}],"about":[{"href":"https:\/\/laurbedigital.com.ar\/noticias\/wp-json\/wp\/v2\/types\/post"}],"author":[{"embeddable":true,"href":"https:\/\/laurbedigital.com.ar\/noticias\/wp-json\/wp\/v2\/users\/1"}],"replies":[{"embeddable":true,"href":"https:\/\/laurbedigital.com.ar\/noticias\/wp-json\/wp\/v2\/comments?post=32225"}],"version-history":[{"count":2,"href":"https:\/\/laurbedigital.com.ar\/noticias\/wp-json\/wp\/v2\/posts\/32225\/revisions"}],"predecessor-version":[{"id":32228,"href":"https:\/\/laurbedigital.com.ar\/noticias\/wp-json\/wp\/v2\/posts\/32225\/revisions\/32228"}],"wp:featuredmedia":[{"embeddable":true,"href":"https:\/\/laurbedigital.com.ar\/noticias\/wp-json\/wp\/v2\/media\/32226"}],"wp:attachment":[{"href":"https:\/\/laurbedigital.com.ar\/noticias\/wp-json\/wp\/v2\/media?parent=32225"}],"wp:term":[{"taxonomy":"category","embeddable":true,"href":"https:\/\/laurbedigital.com.ar\/noticias\/wp-json\/wp\/v2\/categories?post=32225"},{"taxonomy":"post_tag","embeddable":true,"href":"https:\/\/laurbedigital.com.ar\/noticias\/wp-json\/wp\/v2\/tags?post=32225"}],"curies":[{"name":"wp","href":"https:\/\/api.w.org\/{rel}","templated":true}]}}