{"id":32031,"date":"2020-07-30T13:50:33","date_gmt":"2020-07-30T16:50:33","guid":{"rendered":"https:\/\/laurbedigital.com.ar\/noticias\/?p=32031"},"modified":"2020-07-30T13:50:33","modified_gmt":"2020-07-30T16:50:33","slug":"durante-la-cuarentena-fueron-repatriadas-10-personas-victimas-de-trata","status":"publish","type":"post","link":"https:\/\/laurbedigital.com.ar\/noticias\/2020\/07\/30\/durante-la-cuarentena-fueron-repatriadas-10-personas-victimas-de-trata\/","title":{"rendered":"Durante la cuarentena, fueron repatriadas 10 personas v\u00edctimas de trata"},"content":{"rendered":"<p>&nbsp;<\/p>\n<h5>Zaida Gatti, titular del Programa Nacional de Rescate a Damnificados por Trata, asegur\u00f3 que hubo una decena de repatriaciones de personas \u201cexplotadas en otros pa\u00edses\u201d.<\/h5>\n<p>La titular del\u00a0<strong>Programa Nacional de Rescate y Acompa\u00f1amiento a las Personas Damnificadas por el Delito de Trata<\/strong>,\u00a0<strong>Zaida Gatti<\/strong>, asegur\u00f3 este jueves que\u00a0<strong>desde el inicio de la cuarentena por la pandemia de coronavirus hubo una decena de repatriaciones de personas <em>\u201cque estaban siendo explotados en otros pa\u00edses<\/em><\/strong><em>\u201d.<\/em><\/p>\n<p>Gatti particip\u00f3 este jueves del reporte matutino diario del Ministerio de Salud sobre el cuadro de situaci\u00f3n en relaci\u00f3n a la pandemia de coronavirus, en virtud de conmemorarse hoy el\u00a0<strong>D\u00eda Mundial contra la Trata de Personas<\/strong>.<\/p>\n<p><em>\u201c<strong>El trabajo que se lleva adelante en el Programa desde 2008<\/strong>, a partir de la sanci\u00f3n de la ley de trata, es un trabajo directamente relacionado con la asistencia a las v\u00edctimas desde el momento que son rescatadas de los centros e explotaci\u00f3n, que pueden ser laborales o como con fines sexuales\u201d,<\/em> dijo.<\/p>\n<p>La funcionaria explic\u00f3 que, con la cuarentena,\u00a0<strong>hubo que <em>\u00abmodificar\u00bb el protocolo de trabajo\u201d<\/em> en lo que respecta al <em>\u201ccontacto directo con las v\u00edctimas\u201d<\/em><\/strong>\u00a0y<em> \u201cen la medida que se pueda\u201d<\/em> para seguir cumpliendo sus funciones<em> \u201cen lugares que no suelen ser aireados ni higi\u00e9nicos\u201d,<\/em> y <em>\u201cm\u00e1s all\u00e1 de los cuidados del personal que sale con todas las medidas\u201d<\/em> de protecci\u00f3n.<\/p>\n<p><em>\u201cDesde el comienzo del aislamiento social, preventivo y obligatorio, el 20 de marzo,\u00a0<strong>200 v\u00edctimas de trata fueron rescatadas en la Argentina de las fronteras para adentro y no tuvimos casos intrafronteras<\/strong>, de alguien que quisiera entrar\u201d<\/em> a una persona en situaci\u00f3n de explotaci\u00f3n desde otro pa\u00eds, se\u00f1al\u00f3.<\/p>\n<p><em>\u201cPero s\u00ed tuvimos\u00a0<strong>10 casos de v\u00edctimas (argentinas) repatriadas que estaban siendo explotados en otros pa\u00edses y pudimos traer de regreso al pa\u00eds para que sigueraan aqu\u00ed su asistencia<\/strong>\u201d,<\/em> puntualiz\u00f3.<\/p>\n<p>Gatti record\u00f3 que el programa cuenta con la\u00a0<strong>l\u00ednea 145<\/strong>\u00a0de atenci\u00f3n telef\u00f3nica <em>\u201cnacional, gratuita y an\u00f3nima\u201d,<\/em> a la que <em>\u201c<strong>cualquier persona puede llamar para denunciar un posible caso de trata de personas<\/strong>\u201d.<\/em><\/p>\n<p>&nbsp;<\/p>\n<p>&nbsp;<\/p>\n","protected":false},"excerpt":{"rendered":"<p>&nbsp; Zaida Gatti, titular del Programa Nacional de Rescate a Damnificados por Trata, asegur\u00f3 que hubo una decena de repatriaciones<\/p>\n","protected":false},"author":1,"featured_media":32032,"comment_status":"closed","ping_status":"closed","sticky":false,"template":"","format":"standard","meta":{"kia_subtitle":"","footnotes":"","jetpack_publicize_message":"","jetpack_publicize_feature_enabled":true,"jetpack_social_post_already_shared":true,"jetpack_social_options":{"image_generator_settings":{"template":"highway","default_image_id":0,"font":"","enabled":false},"version":2}},"categories":[3,41],"tags":[],"class_list":["post-32031","post","type-post","status-publish","format-standard","has-post-thumbnail","hentry","category-actualidad","category-nacionales"],"jetpack_publicize_connections":[],"jetpack_featured_media_url":"https:\/\/laurbedigital.com.ar\/noticias\/wp-content\/uploads\/2020\/07\/20200730-tratas-de-blanca.jpg","_links":{"self":[{"href":"https:\/\/laurbedigital.com.ar\/noticias\/wp-json\/wp\/v2\/posts\/32031","targetHints":{"allow":["GET"]}}],"collection":[{"href":"https:\/\/laurbedigital.com.ar\/noticias\/wp-json\/wp\/v2\/posts"}],"about":[{"href":"https:\/\/laurbedigital.com.ar\/noticias\/wp-json\/wp\/v2\/types\/post"}],"author":[{"embeddable":true,"href":"https:\/\/laurbedigital.com.ar\/noticias\/wp-json\/wp\/v2\/users\/1"}],"replies":[{"embeddable":true,"href":"https:\/\/laurbedigital.com.ar\/noticias\/wp-json\/wp\/v2\/comments?post=32031"}],"version-history":[{"count":1,"href":"https:\/\/laurbedigital.com.ar\/noticias\/wp-json\/wp\/v2\/posts\/32031\/revisions"}],"predecessor-version":[{"id":32033,"href":"https:\/\/laurbedigital.com.ar\/noticias\/wp-json\/wp\/v2\/posts\/32031\/revisions\/32033"}],"wp:featuredmedia":[{"embeddable":true,"href":"https:\/\/laurbedigital.com.ar\/noticias\/wp-json\/wp\/v2\/media\/32032"}],"wp:attachment":[{"href":"https:\/\/laurbedigital.com.ar\/noticias\/wp-json\/wp\/v2\/media?parent=32031"}],"wp:term":[{"taxonomy":"category","embeddable":true,"href":"https:\/\/laurbedigital.com.ar\/noticias\/wp-json\/wp\/v2\/categories?post=32031"},{"taxonomy":"post_tag","embeddable":true,"href":"https:\/\/laurbedigital.com.ar\/noticias\/wp-json\/wp\/v2\/tags?post=32031"}],"curies":[{"name":"wp","href":"https:\/\/api.w.org\/{rel}","templated":true}]}}