{"id":31849,"date":"2020-07-27T21:50:43","date_gmt":"2020-07-28T00:50:43","guid":{"rendered":"https:\/\/laurbedigital.com.ar\/noticias\/?p=31849"},"modified":"2020-07-27T21:50:43","modified_gmt":"2020-07-28T00:50:43","slug":"jubilado-asegura-que-los-delincuentes-le-cagaron-la-vida-y-que-por-ellos-perdio-todo","status":"publish","type":"post","link":"https:\/\/laurbedigital.com.ar\/noticias\/2020\/07\/27\/jubilado-asegura-que-los-delincuentes-le-cagaron-la-vida-y-que-por-ellos-perdio-todo\/","title":{"rendered":"Jubilado asegura que los delincuentes le \u00abcagaron la vida\u00bb y que por ellos perdi\u00f3 \u00abtodo\u00bb"},"content":{"rendered":"<p>&nbsp;<\/p>\n<h5>Jorge R\u00edos, el jubilado que mat\u00f3 a balazos a uno de los delincuentes que entr\u00f3 a robar a su casa del partido bonaerense de Quilmes hace diez d\u00edas, dijo hoy que esos ladrones le \u00abcagaron la vida\u00bb, que por ellos perdi\u00f3 \u00abtodo\u00bb y que viven a tres cuadras de su domicilio, por lo que no va a volver a vivir all\u00ed.<\/h5>\n<p><em>\u00abAhora la pesadilla es mucho m\u00e1s grande. Esta gente vive a tres cuadras de mi casa, en la villa, \u00bfqu\u00e9 voy a volver? \u00a1Ni loco!, ni yo ni mi familia\u00bb,<\/em> se\u00f1al\u00f3 esta tarde el herrero de 71 a\u00f1os en declaraciones al canal Todo Noticias (TN).<\/p>\n<p><em>\u00abYo ya tom\u00e9 la decisi\u00f3n que ah\u00ed no vuelvo. Esta gente me cag\u00f3 la vida de una manera&#8230; yo no voy a arrastrar a cinco nietos, tres hijos, los amigos\u2026 Perd\u00ed todo, perd\u00ed mis amistades, mi casa, mi barrio, mi forma de vida\u2026\u00bb,<\/em> continu\u00f3 el jubilado, quien durante la entrevista se mostr\u00f3 angustiado y por momentos llor\u00f3, acompa\u00f1ado de sus abogados defensores, Marino Cid Aparicio y Fernando Soto.<\/p>\n<p>R\u00edos dijo que \u00e9l nunca le hizo <em>\u00abda\u00f1o a nadie\u00bb,<\/em> que siempre se consider\u00f3 \u00abun vecino muy servicial\u00bb, por lo que toda esta situaci\u00f3n es <em>\u00abterrible\u00bb<\/em> para \u00e9l y su familia.<\/p>\n<p>Respecto del hecho, el jubilado relat\u00f3 que se top\u00f3 con Franco Moreyra (26), alias \u00abPiolo\u00bb, adentro de su casa y que se trab\u00f3 en lucha con aquel.<\/p>\n<p>Cuando luchaba dijo que le grit\u00f3<em>: \u00abNo te quiero matar, no te quiero tirar\u00bb<\/em> y luego<em> \u00abtirate al piso\u00bb,<\/em> con intenciones de que depusiera su actitud.<\/p>\n<p>Tambi\u00e9n record\u00f3 que en un primer momento \u00e9l crey\u00f3 que en vez de un destornillador el asaltante estaba armado con un <em>\u00abcuchillo\u00bb.<\/em><\/p>\n<p><em>\u00abPens\u00e9 que me clavaba eso en el ojo. Me asust\u00e9 mucho\u00bb,<\/em> se\u00f1al\u00f3 el jubilado, quien a\u00fan lleva vendas en las heridas que recibi\u00f3 en sus brazos.<\/p>\n<p>Seg\u00fan R\u00edos, tras el forcejeo, a Moreyra ese destornillador se le cay\u00f3 al piso, al igual que una tarjeta SUBE y un carnet del club Quilmes.<\/p>\n<p>Despu\u00e9s de luchar, R\u00edos dijo que se volvi\u00f3 \u00abloco\u00bb cuando el delincuente se trep\u00f3 por el muro para escapar hacia la casa de su comadre, a quien le comenz\u00f3 a gritar para advertirle que estaban en su vivienda.<\/p>\n<p><em>\u201cPens\u00e9 que nos iba a tomar de rehenes a m\u00ed y a mi comadre\u201d,<\/em> dijo esta tarde en di\u00e1logo con la se\u00f1al A24.<\/p>\n<p><em>\u00abDesde abajo, cuando pensaba en sacarle el seguro, el seguro ya no estaba, y ah\u00ed fue un tiro\u00bb,<\/em> sostuvo y agreg\u00f3: <em>\u201cUna cosa es apuntar y otra es orientar donde tirar. La verdad no s\u00e9 cu\u00e1ntos tiros tir\u00e9\u201d.<\/em><\/p>\n<p>Y respecto de la siguiente secuencia cuando \u00e9l sale a la calle detr\u00e1s del delincuente, el jubilado dijo que <em>\u00abfue todo tan confuso\u00bb.<\/em><\/p>\n<p><em>\u00abAh\u00ed se me nubl\u00f3 todo (\u2026) Se me hace una nebulosa muy jodida en la cabeza\u00bb,<\/em> explic\u00f3.<\/p>\n<p>Consultado de si \u00e9l llam\u00f3 a la Polic\u00eda ya que era la tercera vez en la misma noche que le entraban a robar los mismos delincuentes, R\u00edos dijo que no lo hizo: <em>\u00abPodr\u00eda decir que me bloque\u00e9\u00bb.<\/em><\/p>\n<p>&nbsp;<\/p>\n<p>&nbsp;<\/p>\n","protected":false},"excerpt":{"rendered":"<p>&nbsp; Jorge R\u00edos, el jubilado que mat\u00f3 a balazos a uno de los delincuentes que entr\u00f3 a robar a su<\/p>\n","protected":false},"author":1,"featured_media":31850,"comment_status":"closed","ping_status":"closed","sticky":false,"template":"","format":"standard","meta":{"kia_subtitle":"","footnotes":"","jetpack_publicize_message":"","jetpack_publicize_feature_enabled":true,"jetpack_social_post_already_shared":true,"jetpack_social_options":{"image_generator_settings":{"template":"highway","default_image_id":0,"font":"","enabled":false},"version":2}},"categories":[8],"tags":[],"class_list":["post-31849","post","type-post","status-publish","format-standard","has-post-thumbnail","hentry","category-policiales"],"jetpack_publicize_connections":[],"jetpack_featured_media_url":"https:\/\/laurbedigital.com.ar\/noticias\/wp-content\/uploads\/2020\/07\/20200727-jorge-rios.jpg","_links":{"self":[{"href":"https:\/\/laurbedigital.com.ar\/noticias\/wp-json\/wp\/v2\/posts\/31849","targetHints":{"allow":["GET"]}}],"collection":[{"href":"https:\/\/laurbedigital.com.ar\/noticias\/wp-json\/wp\/v2\/posts"}],"about":[{"href":"https:\/\/laurbedigital.com.ar\/noticias\/wp-json\/wp\/v2\/types\/post"}],"author":[{"embeddable":true,"href":"https:\/\/laurbedigital.com.ar\/noticias\/wp-json\/wp\/v2\/users\/1"}],"replies":[{"embeddable":true,"href":"https:\/\/laurbedigital.com.ar\/noticias\/wp-json\/wp\/v2\/comments?post=31849"}],"version-history":[{"count":1,"href":"https:\/\/laurbedigital.com.ar\/noticias\/wp-json\/wp\/v2\/posts\/31849\/revisions"}],"predecessor-version":[{"id":31851,"href":"https:\/\/laurbedigital.com.ar\/noticias\/wp-json\/wp\/v2\/posts\/31849\/revisions\/31851"}],"wp:featuredmedia":[{"embeddable":true,"href":"https:\/\/laurbedigital.com.ar\/noticias\/wp-json\/wp\/v2\/media\/31850"}],"wp:attachment":[{"href":"https:\/\/laurbedigital.com.ar\/noticias\/wp-json\/wp\/v2\/media?parent=31849"}],"wp:term":[{"taxonomy":"category","embeddable":true,"href":"https:\/\/laurbedigital.com.ar\/noticias\/wp-json\/wp\/v2\/categories?post=31849"},{"taxonomy":"post_tag","embeddable":true,"href":"https:\/\/laurbedigital.com.ar\/noticias\/wp-json\/wp\/v2\/tags?post=31849"}],"curies":[{"name":"wp","href":"https:\/\/api.w.org\/{rel}","templated":true}]}}