{"id":31610,"date":"2020-07-24T12:58:58","date_gmt":"2020-07-24T15:58:58","guid":{"rendered":"https:\/\/laurbedigital.com.ar\/noticias\/?p=31610"},"modified":"2020-07-29T19:11:52","modified_gmt":"2020-07-29T22:11:52","slug":"31610","status":"publish","type":"post","link":"https:\/\/laurbedigital.com.ar\/noticias\/2020\/07\/24\/31610\/","title":{"rendered":"Cascallares inaugur\u00f3 el nuevo edificio del Centro de Salud Mental \u00abCasa Tea\u00bb"},"content":{"rendered":"<p>&nbsp;<\/p>\n<h5 style=\"font-weight: 400;\">El intendente de Almirante Brown, Mariano Cascallares, inaugur\u00f3 junto al Director Ejecutivo de la Agencia Nacional de Discapacidad, Claudio Esp\u00f3sito, el nuevo edificio del Centro Municipal de Salud Mental Infanto-Juvenil \u201cCasa Tea\u201d, en la localidad de Ministro Rivadavia, el cual funcionar\u00e1 en principio como centro de internaci\u00f3n extrahospitalaria para pacientes positivos y sospechosos de Covid-19.<\/h5>\n<p style=\"font-weight: 400;\">El flamante edificio fue construido por el Municipio de Almirante Brown en el cruce de 25 de Mayo y Rocha, en la citada localidad browniana, y actualmente fue acondicionado con 31 camas para fortalecer el sistema de salud local, ante la pandemia de Coronavirus.<\/p>\n<p><img loading=\"lazy\" decoding=\"async\" class=\"alignnone size-full wp-image-31614\" src=\"https:\/\/laurbedigital.com.ar\/noticias\/wp-content\/uploads\/2020\/07\/20200724-brown-casa-tea-4.jpg\" alt=\"\" width=\"800\" height=\"446\" title=\"\" srcset=\"https:\/\/laurbedigital.com.ar\/noticias\/wp-content\/uploads\/2020\/07\/20200724-brown-casa-tea-4.jpg 800w, https:\/\/laurbedigital.com.ar\/noticias\/wp-content\/uploads\/2020\/07\/20200724-brown-casa-tea-4-300x167.jpg 300w, https:\/\/laurbedigital.com.ar\/noticias\/wp-content\/uploads\/2020\/07\/20200724-brown-casa-tea-4-768x428.jpg 768w\" sizes=\"auto, (max-width: 800px) 100vw, 800px\" \/><\/p>\n<p>\u201cEste es un sue\u00f1o que hicimos realidad entre todos: despu\u00e9s de mucho trabajo este moderno edificio ya est\u00e1 terminado. Es un orgullo para todo Almirante Brown porque nos permitir\u00e1 potenciar el importante trabajo que realiza diariamente este querida instituci\u00f3n\u201d, sostuvo Cascallares durante la recorrida.<\/p>\n<p>Casa Tea cumple un rol important\u00edsimo en nuestro distrito en lo referido a la Salud Mental infantil y adolescente. Se cre\u00f3 para dar respuesta a las ni\u00f1as, ni\u00f1os y adolescentes con espectro autista y con otras dificultades y trastornos en el desarrollo mental. Su prioridad es trabajar en la prevenci\u00f3n y en la promoci\u00f3n de la salud conformando grupos de orientaci\u00f3n familiar, y trabajando en la orientaci\u00f3n y en la evaluaci\u00f3n diagn\u00f3stica de casos.<\/p>\n<p style=\"font-weight: 400;\"><img loading=\"lazy\" decoding=\"async\" class=\"alignnone size-full wp-image-31613\" src=\"https:\/\/laurbedigital.com.ar\/noticias\/wp-content\/uploads\/2020\/07\/20200724-brown-casa-tea-3.jpg\" alt=\"\" width=\"800\" height=\"446\" title=\"\" srcset=\"https:\/\/laurbedigital.com.ar\/noticias\/wp-content\/uploads\/2020\/07\/20200724-brown-casa-tea-3.jpg 800w, https:\/\/laurbedigital.com.ar\/noticias\/wp-content\/uploads\/2020\/07\/20200724-brown-casa-tea-3-300x167.jpg 300w, https:\/\/laurbedigital.com.ar\/noticias\/wp-content\/uploads\/2020\/07\/20200724-brown-casa-tea-3-768x428.jpg 768w\" sizes=\"auto, (max-width: 800px) 100vw, 800px\" \/><\/p>\n<p>\u00abEsta instituci\u00f3n brinda m\u00e1s de 12 mil prestaciones mensuales en nuestro distrito y para ello posee un equipo integral conformado por psic\u00f3logas, especialistas en TCC (Terapia Cognitiva Conductual), psicoanalistas, trabajadores sociales, psicopedagogos y psic\u00f3logos sociales, adem\u00e1s de fonoudi\u00f3logas\u00bb, coment\u00f3 la coordinadora operativa, Betina Christovalo.<\/p>\n<p style=\"font-weight: 400;\"><strong><br \/>\nSE SUMA A LA LUCHA CONTRA EL COVID<\/strong><\/p>\n<p>Si bien el edificio para Casa Tea fue creado para\u00a0llevar adelante distintos programas, tratamientos y pol\u00edticas p\u00fablicas de inclusi\u00f3n y desarrollo para ni\u00f1os, ni\u00f1as y adolescentes relacionados al Trastorno de Espectro Autista (TEA), adem\u00e1s de talleres y capacitaciones, debido al contexto epid\u00e9mico funcionar\u00e1 preventivamente para albergar a pacientes relacionados al Covid-19.<\/p>\n<p>Por su parte, Esp\u00f3sito destac\u00f3 la decisi\u00f3n pol\u00edtica de concretar este nuevo edificio destinado a la inclusi\u00f3n de personas con discapacidad y \u201ctoda la labor que hace el Municipio en materia de fomentar derechos y pol\u00edticas p\u00fablicas\u201d.<\/p>\n<p><img loading=\"lazy\" decoding=\"async\" class=\"alignnone size-full wp-image-31612\" src=\"https:\/\/laurbedigital.com.ar\/noticias\/wp-content\/uploads\/2020\/07\/20200724-brown-casa-tea-2.jpg\" alt=\"\" width=\"800\" height=\"446\" title=\"\" srcset=\"https:\/\/laurbedigital.com.ar\/noticias\/wp-content\/uploads\/2020\/07\/20200724-brown-casa-tea-2.jpg 800w, https:\/\/laurbedigital.com.ar\/noticias\/wp-content\/uploads\/2020\/07\/20200724-brown-casa-tea-2-300x167.jpg 300w, https:\/\/laurbedigital.com.ar\/noticias\/wp-content\/uploads\/2020\/07\/20200724-brown-casa-tea-2-768x428.jpg 768w\" sizes=\"auto, (max-width: 800px) 100vw, 800px\" \/><\/p>\n<p>El centro cuenta con recepci\u00f3n, ba\u00f1os, consultorios, zoom para distintas actividades y patio y su atenci\u00f3n estar\u00e1 encabezada con un amplio equipo de profesionales conformado por psicopedagogos, psic\u00f3logos, psiquiatras y trabajadores sociales, entre otros.<\/p>\n<p>De la recorrida participaron tambi\u00e9n el secretario de Salud local, Walter G\u00f3mez; la secretaria de Desarrollo, Seguridad Social y Derechos Humanos, B\u00e1rbara Mi\u00f1\u00e1n; el Coordinador General de Discapacidad, Mariano Colombo; integrantes del equipo profesional del Municipio y tambi\u00e9n representantes de la Agencia Nacional de Discapacidad.<\/p>\n<p>Antes de inaugurar y visitar las instalaciones del Centro de Salud Mental Infanto-Juvenil, Cascallares y Esp\u00f3sito, junto a sus respectivos equipos de trabajo, mantuvieron una reuni\u00f3n en el Palacio Municipal donde hablaron sobre la situaci\u00f3n de las personas con discapacidad, los Hogares, Residencias y Talleres Protegidos del distrito, en el contexto de Covid-19.<\/p>\n<p>&nbsp;<\/p>\n<p>&nbsp;<\/p>\n","protected":false},"excerpt":{"rendered":"<p>&nbsp; El intendente de Almirante Brown, Mariano Cascallares, inaugur\u00f3 junto al Director Ejecutivo de la Agencia Nacional de Discapacidad, Claudio<\/p>\n","protected":false},"author":1,"featured_media":31616,"comment_status":"closed","ping_status":"closed","sticky":false,"template":"","format":"standard","meta":{"kia_subtitle":"","footnotes":"","jetpack_publicize_message":"","jetpack_publicize_feature_enabled":true,"jetpack_social_post_already_shared":true,"jetpack_social_options":{"image_generator_settings":{"template":"highway","default_image_id":0,"font":"","enabled":false},"version":2}},"categories":[66,33,250],"tags":[],"class_list":["post-31610","post","type-post","status-publish","format-standard","has-post-thumbnail","hentry","category-interes-2","category-alte-brown-alte-brown","category-ministro-rivadavia"],"jetpack_publicize_connections":[],"jetpack_featured_media_url":"https:\/\/laurbedigital.com.ar\/noticias\/wp-content\/uploads\/2020\/07\/20200724-brown-casa-tea-6.jpg","_links":{"self":[{"href":"https:\/\/laurbedigital.com.ar\/noticias\/wp-json\/wp\/v2\/posts\/31610","targetHints":{"allow":["GET"]}}],"collection":[{"href":"https:\/\/laurbedigital.com.ar\/noticias\/wp-json\/wp\/v2\/posts"}],"about":[{"href":"https:\/\/laurbedigital.com.ar\/noticias\/wp-json\/wp\/v2\/types\/post"}],"author":[{"embeddable":true,"href":"https:\/\/laurbedigital.com.ar\/noticias\/wp-json\/wp\/v2\/users\/1"}],"replies":[{"embeddable":true,"href":"https:\/\/laurbedigital.com.ar\/noticias\/wp-json\/wp\/v2\/comments?post=31610"}],"version-history":[{"count":2,"href":"https:\/\/laurbedigital.com.ar\/noticias\/wp-json\/wp\/v2\/posts\/31610\/revisions"}],"predecessor-version":[{"id":31989,"href":"https:\/\/laurbedigital.com.ar\/noticias\/wp-json\/wp\/v2\/posts\/31610\/revisions\/31989"}],"wp:featuredmedia":[{"embeddable":true,"href":"https:\/\/laurbedigital.com.ar\/noticias\/wp-json\/wp\/v2\/media\/31616"}],"wp:attachment":[{"href":"https:\/\/laurbedigital.com.ar\/noticias\/wp-json\/wp\/v2\/media?parent=31610"}],"wp:term":[{"taxonomy":"category","embeddable":true,"href":"https:\/\/laurbedigital.com.ar\/noticias\/wp-json\/wp\/v2\/categories?post=31610"},{"taxonomy":"post_tag","embeddable":true,"href":"https:\/\/laurbedigital.com.ar\/noticias\/wp-json\/wp\/v2\/tags?post=31610"}],"curies":[{"name":"wp","href":"https:\/\/api.w.org\/{rel}","templated":true}]}}