{"id":31383,"date":"2020-07-21T11:30:28","date_gmt":"2020-07-21T14:30:28","guid":{"rendered":"https:\/\/laurbedigital.com.ar\/noticias\/?p=31383"},"modified":"2020-07-21T11:30:28","modified_gmt":"2020-07-21T14:30:28","slug":"la-nueva-normalidad-tambien-es-pensarnos-como-colectivo","status":"publish","type":"post","link":"https:\/\/laurbedigital.com.ar\/noticias\/2020\/07\/21\/la-nueva-normalidad-tambien-es-pensarnos-como-colectivo\/","title":{"rendered":"La nueva normalidad tambi\u00e9n es pensarnos como colectivo"},"content":{"rendered":"<p>&nbsp;<\/p>\n<p><span style=\"font-weight: 400;\">Esta semana es de desaf\u00edos, aprender a convivir cuid\u00e1ndonos y sabiendo que cualquier descuido puede llevar a situaciones que pongan en riesgo nuestra vida, y la vida de todos los seres que amamos. La pandemia sigue siendo un problema, que por supuesto, no se va a resolver en poco tiempo y eso genera que como sociedad entendamos que tenemos que acatar reglas y trabajar en equipo.<\/p>\n<p><\/span><span style=\"font-weight: 400;\">Parte de ese ser colectivo que tienen las sociedades, es el que nos interpela para cuidarnos, para crear una unidad colectiva que permita que hablemos como comunidad el mismo idioma. Es cierto: no estamos acostumbrados a los nuevos desaf\u00edos que nos impone este tiempo. Pero estamos convencidos de que la preservaci\u00f3n de la salud de nuestros seres queridos es suficiente, para aprender entre todos nosotros una nueva normalidad que se viene.<\/p>\n<p><\/span><span style=\"font-weight: 400;\">Como siempre lo dijimos, el trabajo es conjunto y en el cuidado de la vida, tener disciplina en los acuerdos colectivos es importante y necesario. Por eso, es que queremos hacer un llamado a nuestra querida comunidad Browliana, para trabajar juntos en cuidarnos entre todos, en entender que aislamiento social, preventivo y obligatorio no ha terminado y que la vuelta atr\u00e1s en las condiciones de un nuevo acuerdo social podr\u00eda ser la consecuencia del avance de una Pandemia que ha puesto a los pa\u00edses m\u00e1s poderosos del mundo de rodillas.<\/p>\n<p><\/span><span style=\"font-weight: 400;\">Las condiciones econ\u00f3micas devastadoras a nivel mundial, nos llevan a pensar de que la profundidad de la crisis que ata\u00f1e a todo el globo planetario, no van a ser diferentes en nuestro pa\u00eds, que ya ven\u00eda de cuatro a\u00f1os de recesi\u00f3n y de aumento de la pobreza. Sin embargo tambi\u00e9n es cierto, que el coraz\u00f3n de los Argentinos, nos lleva a pensar que hemos atravesado momentos dif\u00edciles en nuestro pa\u00eds y que siempre hemos sabido c\u00f3mo salir adelante.<\/p>\n<p><\/span><span style=\"font-weight: 400;\">Ante esto, las salidas individuales no son posibles. Esta vez, el plan econ\u00f3mico tambi\u00e9n tiene que ser colectivo y que atienda a las necesidades\u00a0 de cada uno de los territorios estableciendo prioridades concretas para la resoluci\u00f3n de los problemas de los vecinos en cada rinc\u00f3n del pa\u00eds. Estamos listos como sociedad para cerrar las grietas que otros momentos de la historia se han encargado de profundizar. Avancemos.<\/span><\/p>\n<p>&nbsp;<\/p>\n<p>&nbsp;<\/p>\n","protected":false},"excerpt":{"rendered":"<p>&nbsp; Esta semana es de desaf\u00edos, aprender a convivir cuid\u00e1ndonos y sabiendo que cualquier descuido puede llevar a situaciones que<\/p>\n","protected":false},"author":1,"featured_media":31384,"comment_status":"closed","ping_status":"closed","sticky":false,"template":"","format":"standard","meta":{"kia_subtitle":"","footnotes":"","jetpack_publicize_message":"","jetpack_publicize_feature_enabled":true,"jetpack_social_post_already_shared":true,"jetpack_social_options":{"image_generator_settings":{"template":"highway","default_image_id":0,"font":"","enabled":false},"version":2}},"categories":[26],"tags":[],"class_list":["post-31383","post","type-post","status-publish","format-standard","has-post-thumbnail","hentry","category-editorial"],"jetpack_publicize_connections":[],"jetpack_featured_media_url":"https:\/\/laurbedigital.com.ar\/noticias\/wp-content\/uploads\/2020\/07\/20200721-editorial.jpg","_links":{"self":[{"href":"https:\/\/laurbedigital.com.ar\/noticias\/wp-json\/wp\/v2\/posts\/31383","targetHints":{"allow":["GET"]}}],"collection":[{"href":"https:\/\/laurbedigital.com.ar\/noticias\/wp-json\/wp\/v2\/posts"}],"about":[{"href":"https:\/\/laurbedigital.com.ar\/noticias\/wp-json\/wp\/v2\/types\/post"}],"author":[{"embeddable":true,"href":"https:\/\/laurbedigital.com.ar\/noticias\/wp-json\/wp\/v2\/users\/1"}],"replies":[{"embeddable":true,"href":"https:\/\/laurbedigital.com.ar\/noticias\/wp-json\/wp\/v2\/comments?post=31383"}],"version-history":[{"count":1,"href":"https:\/\/laurbedigital.com.ar\/noticias\/wp-json\/wp\/v2\/posts\/31383\/revisions"}],"predecessor-version":[{"id":31385,"href":"https:\/\/laurbedigital.com.ar\/noticias\/wp-json\/wp\/v2\/posts\/31383\/revisions\/31385"}],"wp:featuredmedia":[{"embeddable":true,"href":"https:\/\/laurbedigital.com.ar\/noticias\/wp-json\/wp\/v2\/media\/31384"}],"wp:attachment":[{"href":"https:\/\/laurbedigital.com.ar\/noticias\/wp-json\/wp\/v2\/media?parent=31383"}],"wp:term":[{"taxonomy":"category","embeddable":true,"href":"https:\/\/laurbedigital.com.ar\/noticias\/wp-json\/wp\/v2\/categories?post=31383"},{"taxonomy":"post_tag","embeddable":true,"href":"https:\/\/laurbedigital.com.ar\/noticias\/wp-json\/wp\/v2\/tags?post=31383"}],"curies":[{"name":"wp","href":"https:\/\/api.w.org\/{rel}","templated":true}]}}