{"id":3131,"date":"2016-04-30T00:20:12","date_gmt":"2016-04-30T03:20:12","guid":{"rendered":"http:\/\/laurbedigital.com.ar\/noticias\/?p=3131"},"modified":"2016-04-30T00:20:12","modified_gmt":"2016-04-30T03:20:12","slug":"denuncian-que-mataron-a-zamba-el-personaje-de-paka-paka","status":"publish","type":"post","link":"https:\/\/laurbedigital.com.ar\/noticias\/2016\/04\/30\/denuncian-que-mataron-a-zamba-el-personaje-de-paka-paka\/","title":{"rendered":"Denuncian que mataron a Zamba, el personaje de Paka Paka"},"content":{"rendered":"<p>Uno de los emblemas del canal Paka Paka que se encontraba en Tecn\u00f3polis apareci\u00f3 destruido y caus\u00f3 gran indignaci\u00f3n en las redes sociales.<\/p>\n<div id=\"txtcontenido\">\n<div>Una r\u00e9plica tama\u00f1o gigante de Zamba, personaje del programa animado \u00abEl asombroso mundo de Zamba\u00bb, apareci\u00f3 destruido como basura de la feria Tecn\u00f3polis. La imagen se comparti\u00f3 con indignaci\u00f3n por las redes sociales.<\/div>\n<div><\/div>\n<div>Al respecto, An\u00edbal Fern\u00e1ndez escribi\u00f3 en Twitter: \u00abPostales del odio de quienes hicieron campa\u00f1a proclamando uni\u00f3n\u201d.<\/div>\n<div><\/div>\n<div>Por su parte, la ex Ministra de Cultura, Teresa Parodi, expres\u00f3: \u00abme causa mucho dolor ver la imagen de #Zamba, despreciado y destrozado\u201d.<\/div>\n<div><\/div>\n<\/div>\n","protected":false},"excerpt":{"rendered":"<p>Uno de los emblemas del canal Paka Paka que se encontraba en Tecn\u00f3polis apareci\u00f3 destruido y caus\u00f3 gran indignaci\u00f3n en<\/p>\n","protected":false},"author":1,"featured_media":3132,"comment_status":"closed","ping_status":"closed","sticky":false,"template":"","format":"standard","meta":{"kia_subtitle":"","footnotes":"","jetpack_publicize_message":"","jetpack_publicize_feature_enabled":true,"jetpack_social_post_already_shared":true,"jetpack_social_options":{"image_generator_settings":{"template":"highway","default_image_id":0,"font":"","enabled":false},"version":2}},"categories":[3,41],"tags":[],"class_list":["post-3131","post","type-post","status-publish","format-standard","has-post-thumbnail","hentry","category-actualidad","category-nacionales"],"jetpack_publicize_connections":[],"jetpack_featured_media_url":"https:\/\/laurbedigital.com.ar\/noticias\/wp-content\/uploads\/2016\/04\/20160429-nac1.jpg","_links":{"self":[{"href":"https:\/\/laurbedigital.com.ar\/noticias\/wp-json\/wp\/v2\/posts\/3131","targetHints":{"allow":["GET"]}}],"collection":[{"href":"https:\/\/laurbedigital.com.ar\/noticias\/wp-json\/wp\/v2\/posts"}],"about":[{"href":"https:\/\/laurbedigital.com.ar\/noticias\/wp-json\/wp\/v2\/types\/post"}],"author":[{"embeddable":true,"href":"https:\/\/laurbedigital.com.ar\/noticias\/wp-json\/wp\/v2\/users\/1"}],"replies":[{"embeddable":true,"href":"https:\/\/laurbedigital.com.ar\/noticias\/wp-json\/wp\/v2\/comments?post=3131"}],"version-history":[{"count":1,"href":"https:\/\/laurbedigital.com.ar\/noticias\/wp-json\/wp\/v2\/posts\/3131\/revisions"}],"predecessor-version":[{"id":3133,"href":"https:\/\/laurbedigital.com.ar\/noticias\/wp-json\/wp\/v2\/posts\/3131\/revisions\/3133"}],"wp:featuredmedia":[{"embeddable":true,"href":"https:\/\/laurbedigital.com.ar\/noticias\/wp-json\/wp\/v2\/media\/3132"}],"wp:attachment":[{"href":"https:\/\/laurbedigital.com.ar\/noticias\/wp-json\/wp\/v2\/media?parent=3131"}],"wp:term":[{"taxonomy":"category","embeddable":true,"href":"https:\/\/laurbedigital.com.ar\/noticias\/wp-json\/wp\/v2\/categories?post=3131"},{"taxonomy":"post_tag","embeddable":true,"href":"https:\/\/laurbedigital.com.ar\/noticias\/wp-json\/wp\/v2\/tags?post=3131"}],"curies":[{"name":"wp","href":"https:\/\/api.w.org\/{rel}","templated":true}]}}