{"id":31077,"date":"2020-07-17T12:19:55","date_gmt":"2020-07-17T15:19:55","guid":{"rendered":"https:\/\/laurbedigital.com.ar\/noticias\/?p=31077"},"modified":"2020-07-17T12:19:55","modified_gmt":"2020-07-17T15:19:55","slug":"31077","status":"publish","type":"post","link":"https:\/\/laurbedigital.com.ar\/noticias\/2020\/07\/17\/31077\/","title":{"rendered":"Presentan la agenda de actividades culturales virtuales en vacaciones de invierno"},"content":{"rendered":"<p>&nbsp;<\/p>\n<h5 style=\"font-weight: 400;\">El Municipio de Almirante Brown present\u00f3 la m\u00e1s completa agenda de actividades culturales virtuales para toda la familia de cara a las vacaciones de invierno que est\u00e1n comenzando.<\/h5>\n<p style=\"font-weight: 400;\">A lo largo de dos semanas, el Instituto de las Culturas browniano desarrollar\u00e1 todo tipo de propuestas para disfrutar desde casa en este receso que se inicia.<\/p>\n<p>Respetando el aislamiento social, preventivo y obligatorio, el Instituto invit\u00f3 a las vecinas y los vecinos a unirse a su cuenta de Facebook y a @museo.macab en Instagram para seguir desde cada casa las actividades programadas para estas vacaciones de invierno en nuestro distrito.<\/p>\n<p style=\"font-weight: 400;\">De hecho, toda la agenda completa se encuentra y puede seguirse ingresando en <a href=\"https:\/\/www.facebook.com\/InstitutoDeLasCulturasBrown\/\" data-saferedirecturl=\"https:\/\/www.google.com\/url?q=https:\/\/www.facebook.com\/InstitutoDeLasCulturasBrown\/&amp;source=gmail&amp;ust=1595084620085000&amp;usg=AFQjCNF8CPu9xWbiZK8rlPNwCWe8_W-Ypg\" target=\"_blank\" rel=\"noopener\">https:\/\/www.facebook.com\/InstitutoDeLasCulturasBrown\/<\/a><\/p>\n<p>El Instituto de las Culturas browniano denomin\u00f3 a las actividades de estas vacaciones de invierno \u00abMundos Fant\u00e1sticos\u00bb.<\/p>\n<p>Cada semana de julio nuevos artistas, diversas actividades, incre\u00edbles narraciones y propuestas para toda la familia (tambi\u00e9n durante los fines de semana) conforman la propuesta virtual de la Comuna browniana para las vacaciones de invierno que se est\u00e1n iniciando.<\/p>\n<p>En la agenda cultural se encontrar\u00e1n desde exposiciones de arte virtuales hasta actividades infantiles y teatro, pasando por danzas y narraciones para disfrutar.<\/p>\n<p><img loading=\"lazy\" decoding=\"async\" class=\"alignnone size-full wp-image-31078\" src=\"https:\/\/laurbedigital.com.ar\/noticias\/wp-content\/uploads\/2020\/07\/vaca2020-dos.jpg\" alt=\"\" width=\"1280\" height=\"1056\" title=\"\" srcset=\"https:\/\/laurbedigital.com.ar\/noticias\/wp-content\/uploads\/2020\/07\/vaca2020-dos.jpg 1280w, https:\/\/laurbedigital.com.ar\/noticias\/wp-content\/uploads\/2020\/07\/vaca2020-dos-300x248.jpg 300w, https:\/\/laurbedigital.com.ar\/noticias\/wp-content\/uploads\/2020\/07\/vaca2020-dos-1024x845.jpg 1024w, https:\/\/laurbedigital.com.ar\/noticias\/wp-content\/uploads\/2020\/07\/vaca2020-dos-768x634.jpg 768w\" sizes=\"auto, (max-width: 1280px) 100vw, 1280px\" \/><\/p>\n<p>&nbsp;<\/p>\n","protected":false},"excerpt":{"rendered":"<p>&nbsp; El Municipio de Almirante Brown present\u00f3 la m\u00e1s completa agenda de actividades culturales virtuales para toda la familia de<\/p>\n","protected":false},"author":1,"featured_media":31080,"comment_status":"closed","ping_status":"closed","sticky":false,"template":"","format":"standard","meta":{"kia_subtitle":"","footnotes":"","jetpack_publicize_message":"","jetpack_publicize_feature_enabled":true,"jetpack_social_post_already_shared":true,"jetpack_social_options":{"image_generator_settings":{"template":"highway","default_image_id":0,"font":"","enabled":false},"version":2}},"categories":[5],"tags":[],"class_list":["post-31077","post","type-post","status-publish","format-standard","has-post-thumbnail","hentry","category-cultura"],"jetpack_publicize_connections":[],"jetpack_featured_media_url":"https:\/\/laurbedigital.com.ar\/noticias\/wp-content\/uploads\/2020\/07\/20200717-BROWN-cultura.jpg","_links":{"self":[{"href":"https:\/\/laurbedigital.com.ar\/noticias\/wp-json\/wp\/v2\/posts\/31077","targetHints":{"allow":["GET"]}}],"collection":[{"href":"https:\/\/laurbedigital.com.ar\/noticias\/wp-json\/wp\/v2\/posts"}],"about":[{"href":"https:\/\/laurbedigital.com.ar\/noticias\/wp-json\/wp\/v2\/types\/post"}],"author":[{"embeddable":true,"href":"https:\/\/laurbedigital.com.ar\/noticias\/wp-json\/wp\/v2\/users\/1"}],"replies":[{"embeddable":true,"href":"https:\/\/laurbedigital.com.ar\/noticias\/wp-json\/wp\/v2\/comments?post=31077"}],"version-history":[{"count":2,"href":"https:\/\/laurbedigital.com.ar\/noticias\/wp-json\/wp\/v2\/posts\/31077\/revisions"}],"predecessor-version":[{"id":31081,"href":"https:\/\/laurbedigital.com.ar\/noticias\/wp-json\/wp\/v2\/posts\/31077\/revisions\/31081"}],"wp:featuredmedia":[{"embeddable":true,"href":"https:\/\/laurbedigital.com.ar\/noticias\/wp-json\/wp\/v2\/media\/31080"}],"wp:attachment":[{"href":"https:\/\/laurbedigital.com.ar\/noticias\/wp-json\/wp\/v2\/media?parent=31077"}],"wp:term":[{"taxonomy":"category","embeddable":true,"href":"https:\/\/laurbedigital.com.ar\/noticias\/wp-json\/wp\/v2\/categories?post=31077"},{"taxonomy":"post_tag","embeddable":true,"href":"https:\/\/laurbedigital.com.ar\/noticias\/wp-json\/wp\/v2\/tags?post=31077"}],"curies":[{"name":"wp","href":"https:\/\/api.w.org\/{rel}","templated":true}]}}