{"id":30846,"date":"2020-07-14T11:13:44","date_gmt":"2020-07-14T14:13:44","guid":{"rendered":"https:\/\/laurbedigital.com.ar\/noticias\/?p=30846"},"modified":"2020-07-14T11:13:44","modified_gmt":"2020-07-14T14:13:44","slug":"preparan-una-nueva-serie-de-animacion-de-star-wars-para-disney","status":"publish","type":"post","link":"https:\/\/laurbedigital.com.ar\/noticias\/2020\/07\/14\/preparan-una-nueva-serie-de-animacion-de-star-wars-para-disney\/","title":{"rendered":"Preparan una nueva serie de animaci\u00f3n de \u201cStar Wars\u201d para Disney+"},"content":{"rendered":"<p>&nbsp;<\/p>\n<h5>Lucasfilm confirm\u00f3 que ampliar\u00e1 el universo narrativo de \u201cStar Wars\u201d con una nueva serie animada que se titular\u00e1 \u201cStar Wars: The Bad Batch\u201d y que podr\u00e1 verse en 2021 por el servicio de streaming Disney+.<\/h5>\n<p>El nuevo proyecto de la plataforma, que llegar\u00e1 a fines de este a\u00f1o a Latinoam\u00e9rica, ser\u00e1 un spin-off de la exitosa saga, tambi\u00e9n animada, de \u201cThe Clone Wars\u201d, cuya s\u00e9ptima y \u00faltima temporada termin\u00f3 de emitirse en mayo pasado.<\/p>\n<p>Justamente, el t\u00edtulo para la nueva serie es el mismo que lleva el primer episodio de la temporada final de \u201cThe Clone Wars\u201d, que seguir\u00e1 la historia de clones de \u00e9lite del \u201cLote Malo\u201d (Bad Batch, en ingl\u00e9s).<\/p>\n<p>En esta ocasi\u00f3n, los personajes estar\u00e1n inmersos en una galaxia que, justo despu\u00e9s de las Guerras Clon, es inestable y cambia r\u00e1pidamente, inform\u00f3 la agencia de noticias DPA.<\/p>\n<p>Los miembros de este grupo, un singular escuadr\u00f3n de clones que difieren gen\u00e9ticamente de sus hermanos del Ej\u00e9rcito, poseen una habilidad excepcional que los convierte en soldados extraordinariamente efectivos y en un equipo imbatible.<\/p>\n<p>En la era posterior a las Guerras Clon, emprender\u00e1n misiones como mercenarios mientras luchan por mantenerse a flote y encontrar nuevos objetivos.<\/p>\n<p>Los productores ejecutivos de \u201cThe Bad Batch\u201d son Dave Filoni, uno de los responsables de la taquillera serie \u201cThe Mandalorian\u201d y de la propia \u201cStar Wars: The Clone Wars\u201d; Athena Portillo; Brad Rau y Jennifer Corbett.<\/p>\n<p>&nbsp;<\/p>\n<p>&nbsp;<\/p>\n","protected":false},"excerpt":{"rendered":"<p>&nbsp; Lucasfilm confirm\u00f3 que ampliar\u00e1 el universo narrativo de \u201cStar Wars\u201d con una nueva serie animada que se titular\u00e1 \u201cStar<\/p>\n","protected":false},"author":1,"featured_media":30847,"comment_status":"closed","ping_status":"closed","sticky":false,"template":"","format":"standard","meta":{"kia_subtitle":"","footnotes":"","jetpack_publicize_message":"","jetpack_publicize_feature_enabled":true,"jetpack_social_post_already_shared":true,"jetpack_social_options":{"image_generator_settings":{"template":"highway","default_image_id":0,"font":"","enabled":false},"version":2}},"categories":[68],"tags":[],"class_list":["post-30846","post","type-post","status-publish","format-standard","has-post-thumbnail","hentry","category-cine-y-series"],"jetpack_publicize_connections":[],"jetpack_featured_media_url":"https:\/\/laurbedigital.com.ar\/noticias\/wp-content\/uploads\/2020\/07\/20200714-star-war.jpg","_links":{"self":[{"href":"https:\/\/laurbedigital.com.ar\/noticias\/wp-json\/wp\/v2\/posts\/30846","targetHints":{"allow":["GET"]}}],"collection":[{"href":"https:\/\/laurbedigital.com.ar\/noticias\/wp-json\/wp\/v2\/posts"}],"about":[{"href":"https:\/\/laurbedigital.com.ar\/noticias\/wp-json\/wp\/v2\/types\/post"}],"author":[{"embeddable":true,"href":"https:\/\/laurbedigital.com.ar\/noticias\/wp-json\/wp\/v2\/users\/1"}],"replies":[{"embeddable":true,"href":"https:\/\/laurbedigital.com.ar\/noticias\/wp-json\/wp\/v2\/comments?post=30846"}],"version-history":[{"count":1,"href":"https:\/\/laurbedigital.com.ar\/noticias\/wp-json\/wp\/v2\/posts\/30846\/revisions"}],"predecessor-version":[{"id":30848,"href":"https:\/\/laurbedigital.com.ar\/noticias\/wp-json\/wp\/v2\/posts\/30846\/revisions\/30848"}],"wp:featuredmedia":[{"embeddable":true,"href":"https:\/\/laurbedigital.com.ar\/noticias\/wp-json\/wp\/v2\/media\/30847"}],"wp:attachment":[{"href":"https:\/\/laurbedigital.com.ar\/noticias\/wp-json\/wp\/v2\/media?parent=30846"}],"wp:term":[{"taxonomy":"category","embeddable":true,"href":"https:\/\/laurbedigital.com.ar\/noticias\/wp-json\/wp\/v2\/categories?post=30846"},{"taxonomy":"post_tag","embeddable":true,"href":"https:\/\/laurbedigital.com.ar\/noticias\/wp-json\/wp\/v2\/tags?post=30846"}],"curies":[{"name":"wp","href":"https:\/\/api.w.org\/{rel}","templated":true}]}}