{"id":30839,"date":"2020-07-14T10:44:16","date_gmt":"2020-07-14T13:44:16","guid":{"rendered":"https:\/\/laurbedigital.com.ar\/noticias\/?p=30839"},"modified":"2020-07-14T10:44:16","modified_gmt":"2020-07-14T13:44:16","slug":"30839","status":"publish","type":"post","link":"https:\/\/laurbedigital.com.ar\/noticias\/2020\/07\/14\/30839\/","title":{"rendered":"Almirante Brown puso en funcionamiento el Nuevo Hospital Modular"},"content":{"rendered":"<h5><\/h5>\n<h5>Las autoridades sanitarias de la provincia de Buenos Aires, anunciaron que los hospitales modulares que se levantaron en distintas comunas, entre ellas Almirante Brown, ya se encuentran operativos para la atenci\u00f3n de pacientes.<\/h5>\n<div>Los edificios fueron creados durante la pandemia con el objetivo de ampliar la capacidad del sistema sanitario en lugares donde existe mayor demanda de internaci\u00f3n.<\/div>\n<div><\/div>\n<div>Mediante un comunicado se explic\u00f3 que las obras permitieron sumar 176 camas de terapia intensiva y 389 de internaci\u00f3n general y forman parte de un plan coordinado entre el Gobierno Nacional, la Provincia y los municipios, con el objetivo de ampliar la capacidad del sistema sanitario en el contexto de la pandemia.<\/p>\n<p>Seg\u00fan los datos oficiales, ya est\u00e1n operativos los hospitales modulares de los partidos de Almirante Brown, Lomas de Zamora, Florencio Varela, Moreno, Hurlingham y Quilmes. Adem\u00e1s, en el comunicado se aclar\u00f3 que los que se instalaron en Mar del Plata y Tres de Febrero comenzar\u00e1n a funcionar la semana pr\u00f3xima.<\/p>\n<p>En su interior, cada hospital modular cuenta con la capacidad de internaci\u00f3n de 24 pacientes cr\u00edticos y 52 generales, como as\u00ed tambi\u00e9n, est\u00e1n equipados con\u00a0 ec\u00f3grafos port\u00e1tiles, monitores multiparam\u00e9tricos, electrocardi\u00f3grafos y equipos de rayos X, entre otros, lo que permite brindar una mejor atenci\u00f3n a las personas afectadas por Covid-19.<\/p>\n<p>Cabe se\u00f1alar que estas unidades se anexaron en los terrenos dependientes de las Unidades de Pronta Atenci\u00f3n (UPA), con ubicaci\u00f3n en \u00e1reas de alta concentraci\u00f3n demogr\u00e1fica.<\/p><\/div>\n<div><\/div>\n<div>\n<\/div>\n","protected":false},"excerpt":{"rendered":"<p>Las autoridades sanitarias de la provincia de Buenos Aires, anunciaron que los hospitales modulares que se levantaron en distintas comunas,<\/p>\n","protected":false},"author":1,"featured_media":30840,"comment_status":"closed","ping_status":"closed","sticky":false,"template":"","format":"standard","meta":{"kia_subtitle":"","footnotes":"","jetpack_publicize_message":"","jetpack_publicize_feature_enabled":true,"jetpack_social_post_already_shared":true,"jetpack_social_options":{"image_generator_settings":{"template":"highway","default_image_id":0,"font":"","enabled":false},"version":2}},"categories":[2,33],"tags":[],"class_list":["post-30839","post","type-post","status-publish","format-standard","has-post-thumbnail","hentry","category-alte-brown","category-alte-brown-alte-brown"],"jetpack_publicize_connections":[],"jetpack_featured_media_url":"https:\/\/laurbedigital.com.ar\/noticias\/wp-content\/uploads\/2020\/07\/20200714-brown-modular.jpg","_links":{"self":[{"href":"https:\/\/laurbedigital.com.ar\/noticias\/wp-json\/wp\/v2\/posts\/30839","targetHints":{"allow":["GET"]}}],"collection":[{"href":"https:\/\/laurbedigital.com.ar\/noticias\/wp-json\/wp\/v2\/posts"}],"about":[{"href":"https:\/\/laurbedigital.com.ar\/noticias\/wp-json\/wp\/v2\/types\/post"}],"author":[{"embeddable":true,"href":"https:\/\/laurbedigital.com.ar\/noticias\/wp-json\/wp\/v2\/users\/1"}],"replies":[{"embeddable":true,"href":"https:\/\/laurbedigital.com.ar\/noticias\/wp-json\/wp\/v2\/comments?post=30839"}],"version-history":[{"count":1,"href":"https:\/\/laurbedigital.com.ar\/noticias\/wp-json\/wp\/v2\/posts\/30839\/revisions"}],"predecessor-version":[{"id":30843,"href":"https:\/\/laurbedigital.com.ar\/noticias\/wp-json\/wp\/v2\/posts\/30839\/revisions\/30843"}],"wp:featuredmedia":[{"embeddable":true,"href":"https:\/\/laurbedigital.com.ar\/noticias\/wp-json\/wp\/v2\/media\/30840"}],"wp:attachment":[{"href":"https:\/\/laurbedigital.com.ar\/noticias\/wp-json\/wp\/v2\/media?parent=30839"}],"wp:term":[{"taxonomy":"category","embeddable":true,"href":"https:\/\/laurbedigital.com.ar\/noticias\/wp-json\/wp\/v2\/categories?post=30839"},{"taxonomy":"post_tag","embeddable":true,"href":"https:\/\/laurbedigital.com.ar\/noticias\/wp-json\/wp\/v2\/tags?post=30839"}],"curies":[{"name":"wp","href":"https:\/\/api.w.org\/{rel}","templated":true}]}}