{"id":30836,"date":"2020-07-14T10:20:14","date_gmt":"2020-07-14T13:20:14","guid":{"rendered":"https:\/\/laurbedigital.com.ar\/noticias\/?p=30836"},"modified":"2020-07-14T10:20:14","modified_gmt":"2020-07-14T13:20:14","slug":"el-gobierno-bonaerense-pide-evitar-las-reuniones-y-salidas-para-celebrar-el-dia-del-amigo","status":"publish","type":"post","link":"https:\/\/laurbedigital.com.ar\/noticias\/2020\/07\/14\/el-gobierno-bonaerense-pide-evitar-las-reuniones-y-salidas-para-celebrar-el-dia-del-amigo\/","title":{"rendered":"El gobierno bonaerense pide evitar las reuniones y salidas para celebrar el D\u00eda del Amigo"},"content":{"rendered":"<p>&nbsp;<\/p>\n<h5>\u00abTenemos que tener m\u00e1s cuidado que nunca porque el virus vino para quedarse y lo vamos a tener por largos meses\u00bb, reconoci\u00f3 la ministra de Gobierno de la provincia de Buenos Aires, Mar\u00eda Teresa Garc\u00eda.<\/h5>\n<p>La ministra de Gobierno de la provincia de Buenos Aires, Mar\u00eda Teresa Garc\u00eda, pidi\u00f3 este martes a la poblaci\u00f3n evitar salidas o reuniones para celebrar el pr\u00f3ximo lunes el D\u00eda del Amigo \u00abporque el conglomerado y la cercan\u00eda generan el contagio\u00bb de coronavirus.<\/p>\n<p><em>\u00abTenemos que tener m\u00e1s cuidado que nunca porque el virus vino para quedarse y lo vamos a tener por largos meses\u00bb,<\/em> analiz\u00f3 la funcionaria esta ma\u00f1ana durante una entrevista con Radio La Red y reconoci\u00f3 que habr\u00e1 <em>\u00abpreocupaci\u00f3n\u00bb<\/em> por parte de las autoridades<em> \u00abhasta que baje un poco el n\u00famero de contagios\u00bb<\/em> de Covid-19.<\/p>\n<p>Garc\u00eda anticip\u00f3 que los casos en el \u00c1rea Metropolitana de Buenos Aires (AMBA) <em>\u00abno est\u00e1n creciendo tanto, pero a\u00fan hay crecimiento\u00bb,<\/em> por lo que explic\u00f3 que se mirar\u00e1n <em>\u00abcon mucha atenci\u00f3n los n\u00fameros\u00bb<\/em> antes de tomar una definici\u00f3n respecto de c\u00f3mo continuar con la cuarentena desde el pr\u00f3ximo viernes, cuando finalice la etapa de aislamiento estricto que rige desde el 1\u00b0 de julio.<\/p>\n<p>En ese marco, la ministra detall\u00f3 que el gobernador bonaerense, Axel Kicillof, mantendr\u00e1 esta tarde una reuni\u00f3n por teleconferencia con todos los intendentes del AMBA y plante\u00f3 que<em> \u00abentre hoy y ma\u00f1ana\u00bb<\/em> el mandatario provincial se reunir\u00e1 tambi\u00e9n con el Comit\u00e9 de Cient\u00edfico para definir los pasos a seguir.<\/p>\n<p><em>\u00abLuego, se podr\u00e1 reunir con el presidente, Alberto Fern\u00e1ndez, y con el jefe de gobierno porte\u00f1o, Horacio Rodr\u00edguez Larreta, con un panorama m\u00e1s acabado\u00bb,<\/em> expuso.<\/p>\n<p>No obstante, anticip\u00f3 que<em> \u00aben la provincia hay cosas que no se van a hacer, como las actividades deportivas al aire libre\u00bb<\/em> y grafic\u00f3 que <em>\u00aben Capital hay parques grandes, pero en los municipios del conurbano es la plaza del barrio y tenemos que evitar conglomerados de gente\u00bb.<\/em><\/p>\n<p><em>\u00abSi los n\u00fameros acompa\u00f1an, la atenci\u00f3n del gobernador est\u00e1 en el tema de la producci\u00f3n y la actividad industrial\u00bb, resalt\u00f3 y opin\u00f3 que \u00abno se pueden abrir actividades que sigan complicando los contagios\u00bb.<\/em><\/p>\n<p><em>\u00abNosotros saltamos de la fase 3 a la cuarentena restringida el 1\u00b0 de julio para aplanar la curva. Si los casos no disminuyen \u00bfcu\u00e1l es el sentido de abrir en el medio de un contagio masivo?\u00bb,<\/em> pregunt\u00f3 la funcionaria, quien destac\u00f3 que <em>\u00abes anticipado plantear qu\u00e9 cosas se van a abrir porque todo depender\u00e1 de c\u00f3mo est\u00e9n los contagios\u00bb.<\/em><\/p>\n<p>Luego, sostuvo que <em>\u00abel sacrificio que hizo la gente\u00bb<\/em> para respetar la cuarentena <em>\u00abtiene que concluir en alg\u00fan momento\u00bb,<\/em> y apunt\u00f3 que \u00ablo pr\u00f3ximo ser\u00e1 abrir un poquito y cuidar extremadamente\u00bb.<\/p>\n<p>En ese sentido, Mar\u00eda Teresa Garc\u00eda puso de manifiesto que <em>\u00abno se puede jugar partidos de f\u00fatbol ni comer asados con amigos\u00bb<\/em> pero destac\u00f3 que <em>\u00abhay que privilegiar que puedan ir a trabajar los que deben hacerlo\u00bb<\/em>, por lo que pidi\u00f3 <em>\u00abresponsabilidad social\u00bb<\/em> para la etapa que se iniciar\u00e1 el s\u00e1bado pr\u00f3ximo.<\/p>\n<p>&nbsp;<\/p>\n<p>&nbsp;<\/p>\n","protected":false},"excerpt":{"rendered":"<p>&nbsp; \u00abTenemos que tener m\u00e1s cuidado que nunca porque el virus vino para quedarse y lo vamos a tener por<\/p>\n","protected":false},"author":1,"featured_media":30837,"comment_status":"closed","ping_status":"closed","sticky":false,"template":"","format":"standard","meta":{"kia_subtitle":"","footnotes":"","jetpack_publicize_message":"","jetpack_publicize_feature_enabled":true,"jetpack_social_post_already_shared":true,"jetpack_social_options":{"image_generator_settings":{"template":"highway","default_image_id":0,"font":"","enabled":false},"version":2}},"categories":[3,56],"tags":[],"class_list":["post-30836","post","type-post","status-publish","format-standard","has-post-thumbnail","hentry","category-actualidad","category-buenos-aires"],"jetpack_publicize_connections":[],"jetpack_featured_media_url":"https:\/\/laurbedigital.com.ar\/noticias\/wp-content\/uploads\/2020\/07\/20200714-dia-de-amigo.jpg","_links":{"self":[{"href":"https:\/\/laurbedigital.com.ar\/noticias\/wp-json\/wp\/v2\/posts\/30836","targetHints":{"allow":["GET"]}}],"collection":[{"href":"https:\/\/laurbedigital.com.ar\/noticias\/wp-json\/wp\/v2\/posts"}],"about":[{"href":"https:\/\/laurbedigital.com.ar\/noticias\/wp-json\/wp\/v2\/types\/post"}],"author":[{"embeddable":true,"href":"https:\/\/laurbedigital.com.ar\/noticias\/wp-json\/wp\/v2\/users\/1"}],"replies":[{"embeddable":true,"href":"https:\/\/laurbedigital.com.ar\/noticias\/wp-json\/wp\/v2\/comments?post=30836"}],"version-history":[{"count":1,"href":"https:\/\/laurbedigital.com.ar\/noticias\/wp-json\/wp\/v2\/posts\/30836\/revisions"}],"predecessor-version":[{"id":30838,"href":"https:\/\/laurbedigital.com.ar\/noticias\/wp-json\/wp\/v2\/posts\/30836\/revisions\/30838"}],"wp:featuredmedia":[{"embeddable":true,"href":"https:\/\/laurbedigital.com.ar\/noticias\/wp-json\/wp\/v2\/media\/30837"}],"wp:attachment":[{"href":"https:\/\/laurbedigital.com.ar\/noticias\/wp-json\/wp\/v2\/media?parent=30836"}],"wp:term":[{"taxonomy":"category","embeddable":true,"href":"https:\/\/laurbedigital.com.ar\/noticias\/wp-json\/wp\/v2\/categories?post=30836"},{"taxonomy":"post_tag","embeddable":true,"href":"https:\/\/laurbedigital.com.ar\/noticias\/wp-json\/wp\/v2\/tags?post=30836"}],"curies":[{"name":"wp","href":"https:\/\/api.w.org\/{rel}","templated":true}]}}