{"id":30784,"date":"2020-07-13T16:20:53","date_gmt":"2020-07-13T19:20:53","guid":{"rendered":"https:\/\/laurbedigital.com.ar\/noticias\/?p=30784"},"modified":"2020-07-13T16:20:53","modified_gmt":"2020-07-13T19:20:53","slug":"kicillof-entrego-respiradores-para-vicente-lopez-trabajamos-en-unidad-para-cuidar-la-salud-de-todos-los-bonaerenses","status":"publish","type":"post","link":"https:\/\/laurbedigital.com.ar\/noticias\/2020\/07\/13\/kicillof-entrego-respiradores-para-vicente-lopez-trabajamos-en-unidad-para-cuidar-la-salud-de-todos-los-bonaerenses\/","title":{"rendered":"Kicillof entreg\u00f3 respiradores para Vicente L\u00f3pez: \u201cTrabajamos en unidad para cuidar la salud de todos los bonaerenses\u201d"},"content":{"rendered":"<p>&nbsp;<\/p>\n<h5>El Gobernador Kicillof realiz\u00f3 este mediod\u00eda la entrega de nuevos respiradores al intendente de Vicente L\u00f3pez para ser utilizados en el hospital municipal Houssay y en el hospital provincial Cetr\u00e1ngolo.<\/h5>\n<p>El gobernador Axel Kicillof\u00a0realiz\u00f3 este mediod\u00eda la entrega de nuevos respiradores al intendente de Vicente L\u00f3pez, Jorge Macri, para ser utilizados en el hospital municipal Houssay y en el hospital provincial Cetr\u00e1ngolo de ese distrito. <em>\u201cCada una de estas inversiones se pudo realizar a tiempo porque se hizo una cuarentena en el momento indicado\u201d,<\/em> asegur\u00f3 Kicillof, que adem\u00e1s estuvo acompa\u00f1ado por el ministro de Salud de la Provincia, Daniel Gollan.<\/p>\n<p>Se trata de la tercera entrega de respiradores para este Municipio y ya suman 34 los nuevos dispositivos para el sistema de salud local. Asimismo, las autoridades recorrieron el Centro Extrahospitalario del Campo de Deportes municipal en Olivos, que cuenta con camas preparadas para pacientes de COVID-19 con sintomatolog\u00eda leve y de mediana complejidad, quienes recibir\u00e1n atenci\u00f3n m\u00e9dica permanente durante su aislamiento.<\/p>\n<p><em>\u201cNo podemos decir qu\u00e9 d\u00eda se termina el coronavirus, pero lo que s\u00ed podemos afirmar es que los Gobiernos municipal, nacional y provincial han trabajado para que si alguien lo contrae, tenga lo que necesita en t\u00e9rminos de asistencia sanitaria\u201d.<\/em> Asimismo, asegur\u00f3:<em> \u201cEstamos a disposici\u00f3n y trabajando en unidad para conseguir todo lo que necesite el Municipio para enfrentar esta emergencia\u201d.<\/em><\/p>\n<p>El Gobernador remarc\u00f3 que \u201ccada uno de estos respiradores era algo que faltaba, ojal\u00e1 no los usemos, pero si alguien los necesita contamos con el equipamiento, tanto en el hospital municipal como en el provincial, para salvar vidas\u201d.<\/p>\n<p>Por su parte, Macri se\u00f1al\u00f3 que <em>\u201cestamos haciendo lo que corresponde, trabajar en equipo\u201d<\/em> y <em>\u201cprepar\u00e1ndonos para darle salud a todos, a aquellas personas que tienen la capacidad para poder aislarse en sus hogares y tambi\u00e9n a quienes no tienen esa posibilidad, generando lugares como este\u201d.<\/em> Adem\u00e1s, se dirigi\u00f3 a los vecinos y vecinas: <em>\u201cEn caso de necesitar el aislamiento, los vamos a recibir cuid\u00e1ndolos, con mucha responsabilidad, con equipos m\u00e9dicos, garantiz\u00e1ndoles el cuidado y la protecci\u00f3n que cada uno merece\u201d.<\/em><\/p>\n<p><em>\u201cAgradecemos a la ciudadan\u00eda por el esfuerzo que est\u00e1 realizando y a la Naci\u00f3n y al intendente por esta coordinaci\u00f3n\u201d,<\/em> finaliz\u00f3 Kicillof y agreg\u00f3: <em>\u201cSeguiremos tomando medidas en base a los hechos y a los datos, siempre cuidando la salud de hasta el \u00faltimo bonaerense\u201d.<\/em><\/p>\n<p>&nbsp;<\/p>\n<p>&nbsp;<\/p>\n","protected":false},"excerpt":{"rendered":"<p>&nbsp; El Gobernador Kicillof realiz\u00f3 este mediod\u00eda la entrega de nuevos respiradores al intendente de Vicente L\u00f3pez para ser utilizados<\/p>\n","protected":false},"author":1,"featured_media":30785,"comment_status":"closed","ping_status":"closed","sticky":false,"template":"","format":"standard","meta":{"kia_subtitle":"","footnotes":"","jetpack_publicize_message":"","jetpack_publicize_feature_enabled":true,"jetpack_social_post_already_shared":true,"jetpack_social_options":{"image_generator_settings":{"template":"highway","default_image_id":0,"font":"","enabled":false},"version":2}},"categories":[13],"tags":[],"class_list":["post-30784","post","type-post","status-publish","format-standard","has-post-thumbnail","hentry","category-region"],"jetpack_publicize_connections":[],"jetpack_featured_media_url":"https:\/\/laurbedigital.com.ar\/noticias\/wp-content\/uploads\/2020\/07\/20200713-brown-cultura.jpg","_links":{"self":[{"href":"https:\/\/laurbedigital.com.ar\/noticias\/wp-json\/wp\/v2\/posts\/30784","targetHints":{"allow":["GET"]}}],"collection":[{"href":"https:\/\/laurbedigital.com.ar\/noticias\/wp-json\/wp\/v2\/posts"}],"about":[{"href":"https:\/\/laurbedigital.com.ar\/noticias\/wp-json\/wp\/v2\/types\/post"}],"author":[{"embeddable":true,"href":"https:\/\/laurbedigital.com.ar\/noticias\/wp-json\/wp\/v2\/users\/1"}],"replies":[{"embeddable":true,"href":"https:\/\/laurbedigital.com.ar\/noticias\/wp-json\/wp\/v2\/comments?post=30784"}],"version-history":[{"count":1,"href":"https:\/\/laurbedigital.com.ar\/noticias\/wp-json\/wp\/v2\/posts\/30784\/revisions"}],"predecessor-version":[{"id":30786,"href":"https:\/\/laurbedigital.com.ar\/noticias\/wp-json\/wp\/v2\/posts\/30784\/revisions\/30786"}],"wp:featuredmedia":[{"embeddable":true,"href":"https:\/\/laurbedigital.com.ar\/noticias\/wp-json\/wp\/v2\/media\/30785"}],"wp:attachment":[{"href":"https:\/\/laurbedigital.com.ar\/noticias\/wp-json\/wp\/v2\/media?parent=30784"}],"wp:term":[{"taxonomy":"category","embeddable":true,"href":"https:\/\/laurbedigital.com.ar\/noticias\/wp-json\/wp\/v2\/categories?post=30784"},{"taxonomy":"post_tag","embeddable":true,"href":"https:\/\/laurbedigital.com.ar\/noticias\/wp-json\/wp\/v2\/tags?post=30784"}],"curies":[{"name":"wp","href":"https:\/\/api.w.org\/{rel}","templated":true}]}}