{"id":30709,"date":"2020-07-12T16:09:12","date_gmt":"2020-07-12T19:09:12","guid":{"rendered":"https:\/\/laurbedigital.com.ar\/noticias\/?p=30709"},"modified":"2020-07-12T16:09:12","modified_gmt":"2020-07-12T19:09:12","slug":"la-television-publica-renueva-su-pantalla-a-partir-de-manana","status":"publish","type":"post","link":"https:\/\/laurbedigital.com.ar\/noticias\/2020\/07\/12\/la-television-publica-renueva-su-pantalla-a-partir-de-manana\/","title":{"rendered":"La Televisi\u00f3n P\u00fablica renueva su pantalla"},"content":{"rendered":"<p>&nbsp;<\/p>\n<h5>La TV P\u00fablica renovar\u00e1 su programaci\u00f3n a partir de ma\u00f1ana a las 13, con cuatro horas de propuestas para acompa\u00f1ar a las chicas y chicos durante el receso de invierno, reposiciones de ficciones argentinas, nuevo horario para \u201cCocineros argentinos\u201d y el comienzo de la cuarta temporada de \u201cTodo tiene un porqu\u00e9\u201d, con Juan Di Natale.<\/h5>\n<p>La nueva grilla sumar\u00e1 ficci\u00f3n argentina con el estreno de \u201cPersuasi\u00f3n\u201d \u2013en simult\u00e1neo con Canal Encuentro\u2013, y las reposiciones de la segunda temporada de las series \u201cEn terapia\u201d, \u201cLas 13 esposas de Wilson Fern\u00e1ndez\u201d y \u201cLa casa\u201d.<\/p>\n<p>Ma\u00f1ana a las 9, el ciclo \u201cSeguimos educando\u201d comenzar\u00e1 a acompa\u00f1ar a las chicas y chicos durante el receso escolar \u201ccon cuatro horas de propuestas para divertirse y aprender\u201d, indic\u00f3 en un comunicado de prensa el canal estatal.<\/p>\n<p>A las 14, despu\u00e9s de la edici\u00f3n de noticias del mediod\u00eda, \u201cCocineros Argentinos\u201d llegar\u00e1 en su nuevo horario. Cada d\u00eda, Juan Braceli, Ximena S\u00e1enz, Juan Ferrara, Luciano Garc\u00eda y Diego S\u00edvori presentar\u00e1n dos horas del cl\u00e1sico de la cocina del pa\u00eds \u00abcon secretos y consejos para tener una alimentaci\u00f3n saludable\u00bb. A ellos se sumar\u00e1 Guillermo Calabrese para el especial del domingo.<\/p>\n<p>A las 17, comenzar\u00e1 la cuarta temporada de \u201cTodo tiene un porqu\u00e9\u201d, el magazine educativo, cient\u00edfico y cultural de car\u00e1cter federal presentado por Juan Di Natale, que contar\u00e1 con la participaci\u00f3n de especialistas de todas las disciplinas.<\/p>\n<p>Luego, a las 18, Cata D\u2019El\u00eda y Juani Velcoff Andino seguir\u00e1n conectando a j\u00f3venes de todo el pa\u00eds para que hagan o\u00edr su palabra en Altavoz.<\/p>\n<p>La renovaci\u00f3n de la propuesta art\u00edstica de la TV P\u00fablica continuar\u00e1 el lunes 20, con la edici\u00f3n diaria de \u201cTodos estamos conectados\u201d, el ciclo que une las historias de vida de diferentes personas y presenta adem\u00e1s un certamen de canto para nuevos talentos, con la direcci\u00f3n de Lito Vitale y la participaci\u00f3n del p\u00fablico. Desde ese d\u00eda, Sergio Goycochea y Noe Antonelli presentar\u00e1n el programa de lunes a viernes a las 16.<\/p>\n<p>\u201cPublicados\u201d, el espacio para que productores y prestadores de servicios puedan promocionar lo que hacen o presentar los servicios que brindan, asesorados por el especialista Manuel Sbdar, cambiar\u00e1 al horario de lunes a viernes a las 23.30.<\/p>\n<p>En el horario central, de lunes a viernes a las 22 se emitir\u00e1 la segunda temporada de \u201cEn terapia\u201d, que cuenta con las actuaciones de Diego Peretti, Norma Aleandro, Carla Peterson, Dolores Fonzi, Leonardo Sbaraglia, Roberto Carnaghi, Luisana Lopilato y un elenco integrado por Federico Luppi, Mercedes Mor\u00e1n, y Vera Spinetta, entre otros<\/p>\n<p>La producci\u00f3n argentina tambi\u00e9n estar\u00e1 los lunes a las 22.30 con la reposici\u00f3n de \u201cLas 13 esposas de Wilson Fern\u00e1ndez\u201d, que cuenta con un elenco integrado por Mex Urtizberea, Manuel Callau, Alberto Ajaka y M\u00f3nica Anton\u00f3pulos, entre otros.<\/p>\n<p>Los viernes, en el mismo horario, comenzar\u00e1 \u201cLa casa\u201d, la serie que cont\u00f3 con las actuaciones de Cristina Banegas, Luis Ziembrowski, Romina Gaetani, Sergio Boris, Mirta Busnelli, Mercedes Mor\u00e1n, Bel\u00e9n Blanco, Diego Vel\u00e1zquez, \u00c9rica Rivas, ,entre otros<\/p>\n<p>Esta serie tiene episodios unitarios con direcci\u00f3n rotativa de Diego Lerman, Mara Pescio, Mateo Ingouville,i, Mariano Vera, Nicol\u00e1s Britos, Gustavo Caba\u00f1a y Diego Fleischer, entre otros. Cada cap\u00edtulo tiene anclaje en diversos hechos del devenir hist\u00f3rico nacional.<\/p>\n<p>Los martes y mi\u00e9rcoles a las 22.30 continuar\u00e1 \u201cDoce casas. Historias de mujeres devotas, la serie escrita y dirigida por Santiago Loza, en el que actrices argentinas de todas las generaciones, reunidas en elencos rotativos, le dan vida cada semana a una historia diferente, ancladas en los a\u00f1os ochenta, en una ciudad chica o un pueblo grande del interior del pa\u00eds, donde se van dejando entrever la relaci\u00f3n diversa con la fe y las formas que adoptan la creencia, la devoci\u00f3n y los v\u00ednculos de amor.<\/p>\n<p>Los jueves a las 22.30, el canal emitir\u00e1 nuevos cap\u00edtulos de \u201cPadres e hijos\u201d, la serie en la que Peto Menahem presenta historias de vida que crecen en el v\u00ednculo familiar.<\/p>\n<p>&nbsp;<\/p>\n<p>&nbsp;<\/p>\n","protected":false},"excerpt":{"rendered":"<p>&nbsp; La TV P\u00fablica renovar\u00e1 su programaci\u00f3n a partir de ma\u00f1ana a las 13, con cuatro horas de propuestas para<\/p>\n","protected":false},"author":1,"featured_media":30710,"comment_status":"closed","ping_status":"closed","sticky":false,"template":"","format":"standard","meta":{"kia_subtitle":"","footnotes":"","jetpack_publicize_message":"","jetpack_publicize_feature_enabled":true,"jetpack_social_post_already_shared":true,"jetpack_social_options":{"image_generator_settings":{"template":"highway","default_image_id":0,"font":"","enabled":false},"version":2}},"categories":[68],"tags":[],"class_list":["post-30709","post","type-post","status-publish","format-standard","has-post-thumbnail","hentry","category-cine-y-series"],"jetpack_publicize_connections":[],"jetpack_featured_media_url":"https:\/\/laurbedigital.com.ar\/noticias\/wp-content\/uploads\/2020\/07\/20200712-tvpublica.jpg","_links":{"self":[{"href":"https:\/\/laurbedigital.com.ar\/noticias\/wp-json\/wp\/v2\/posts\/30709","targetHints":{"allow":["GET"]}}],"collection":[{"href":"https:\/\/laurbedigital.com.ar\/noticias\/wp-json\/wp\/v2\/posts"}],"about":[{"href":"https:\/\/laurbedigital.com.ar\/noticias\/wp-json\/wp\/v2\/types\/post"}],"author":[{"embeddable":true,"href":"https:\/\/laurbedigital.com.ar\/noticias\/wp-json\/wp\/v2\/users\/1"}],"replies":[{"embeddable":true,"href":"https:\/\/laurbedigital.com.ar\/noticias\/wp-json\/wp\/v2\/comments?post=30709"}],"version-history":[{"count":1,"href":"https:\/\/laurbedigital.com.ar\/noticias\/wp-json\/wp\/v2\/posts\/30709\/revisions"}],"predecessor-version":[{"id":30711,"href":"https:\/\/laurbedigital.com.ar\/noticias\/wp-json\/wp\/v2\/posts\/30709\/revisions\/30711"}],"wp:featuredmedia":[{"embeddable":true,"href":"https:\/\/laurbedigital.com.ar\/noticias\/wp-json\/wp\/v2\/media\/30710"}],"wp:attachment":[{"href":"https:\/\/laurbedigital.com.ar\/noticias\/wp-json\/wp\/v2\/media?parent=30709"}],"wp:term":[{"taxonomy":"category","embeddable":true,"href":"https:\/\/laurbedigital.com.ar\/noticias\/wp-json\/wp\/v2\/categories?post=30709"},{"taxonomy":"post_tag","embeddable":true,"href":"https:\/\/laurbedigital.com.ar\/noticias\/wp-json\/wp\/v2\/tags?post=30709"}],"curies":[{"name":"wp","href":"https:\/\/api.w.org\/{rel}","templated":true}]}}