{"id":30233,"date":"2020-07-06T16:26:50","date_gmt":"2020-07-06T19:26:50","guid":{"rendered":"https:\/\/laurbedigital.com.ar\/noticias\/?p=30233"},"modified":"2020-07-06T16:26:50","modified_gmt":"2020-07-06T19:26:50","slug":"30233","status":"publish","type":"post","link":"https:\/\/laurbedigital.com.ar\/noticias\/2020\/07\/06\/30233\/","title":{"rendered":"Falleci\u00f3 la actriz y musa del rock indie Rosario Bl\u00e9fari"},"content":{"rendered":"<p>&nbsp;<\/p>\n<p>La actriz, poetisa y figura emblem\u00e1tica de la movida rockera independiente de la Argentina, Rosario Bl\u00e9fari, falleci\u00f3 hoy a los 54 a\u00f1os en la ciudad pampeana de Santa Rosa como consecuencia de un infarto.<\/p>\n<p>Bl\u00e9fari, actriz de \u00abRapado\u00bb y \u00abSilvia Prieto\u00bb, se hab\u00eda trasladado a La Pampa a cuidar de su padre y porque ella era inmunodeprimida ya que hab\u00eda enfrentado un tratamiento contra el c\u00e1ncer, pero su salud se deterior\u00f3 y falleci\u00f3 anoche, seg\u00fan informaron allegados a la ex l\u00edder del influyente grupo Su\u00e1rez.<\/p>\n<p>&nbsp;<\/p>\n<p>&nbsp;<\/p>\n","protected":false},"excerpt":{"rendered":"<p>&nbsp; La actriz, poetisa y figura emblem\u00e1tica de la movida rockera independiente de la Argentina, Rosario Bl\u00e9fari, falleci\u00f3 hoy a<\/p>\n","protected":false},"author":1,"featured_media":30234,"comment_status":"closed","ping_status":"closed","sticky":false,"template":"","format":"standard","meta":{"kia_subtitle":"","footnotes":"","jetpack_publicize_message":"","jetpack_publicize_feature_enabled":true,"jetpack_social_post_already_shared":true,"jetpack_social_options":{"image_generator_settings":{"template":"highway","default_image_id":0,"font":"","enabled":false},"version":2}},"categories":[68],"tags":[],"class_list":["post-30233","post","type-post","status-publish","format-standard","has-post-thumbnail","hentry","category-cine-y-series"],"jetpack_publicize_connections":[],"jetpack_featured_media_url":"https:\/\/laurbedigital.com.ar\/noticias\/wp-content\/uploads\/2020\/07\/20200706-espesctaculo.jpg","_links":{"self":[{"href":"https:\/\/laurbedigital.com.ar\/noticias\/wp-json\/wp\/v2\/posts\/30233","targetHints":{"allow":["GET"]}}],"collection":[{"href":"https:\/\/laurbedigital.com.ar\/noticias\/wp-json\/wp\/v2\/posts"}],"about":[{"href":"https:\/\/laurbedigital.com.ar\/noticias\/wp-json\/wp\/v2\/types\/post"}],"author":[{"embeddable":true,"href":"https:\/\/laurbedigital.com.ar\/noticias\/wp-json\/wp\/v2\/users\/1"}],"replies":[{"embeddable":true,"href":"https:\/\/laurbedigital.com.ar\/noticias\/wp-json\/wp\/v2\/comments?post=30233"}],"version-history":[{"count":1,"href":"https:\/\/laurbedigital.com.ar\/noticias\/wp-json\/wp\/v2\/posts\/30233\/revisions"}],"predecessor-version":[{"id":30235,"href":"https:\/\/laurbedigital.com.ar\/noticias\/wp-json\/wp\/v2\/posts\/30233\/revisions\/30235"}],"wp:featuredmedia":[{"embeddable":true,"href":"https:\/\/laurbedigital.com.ar\/noticias\/wp-json\/wp\/v2\/media\/30234"}],"wp:attachment":[{"href":"https:\/\/laurbedigital.com.ar\/noticias\/wp-json\/wp\/v2\/media?parent=30233"}],"wp:term":[{"taxonomy":"category","embeddable":true,"href":"https:\/\/laurbedigital.com.ar\/noticias\/wp-json\/wp\/v2\/categories?post=30233"},{"taxonomy":"post_tag","embeddable":true,"href":"https:\/\/laurbedigital.com.ar\/noticias\/wp-json\/wp\/v2\/tags?post=30233"}],"curies":[{"name":"wp","href":"https:\/\/api.w.org\/{rel}","templated":true}]}}